{"id":2667,"date":"2025-04-03T10:40:46","date_gmt":"2025-04-03T08:40:46","guid":{"rendered":"https:\/\/abire.es\/nuevaweb\/?p=2667"},"modified":"2025-05-02T09:43:21","modified_gmt":"2025-05-02T07:43:21","slug":"cual-es-el-salario-minimo-interprofesional-para-2024","status":"publish","type":"post","link":"https:\/\/abire.es\/nuevaweb\/2025\/04\/03\/cual-es-el-salario-minimo-interprofesional-para-2024\/","title":{"rendered":"\u00bfCu\u00e1l es el Salario M\u00ednimo Interprofesional para 2024?"},"content":{"rendered":"\t\t<div data-elementor-type=\"wp-post\" data-elementor-id=\"2667\" class=\"elementor elementor-2667\" data-elementor-post-type=\"post\">\n\t\t\t\t<div class=\"elementor-element elementor-element-d3c8b14 e-flex e-con-boxed e-con e-parent\" data-id=\"d3c8b14\" data-element_type=\"container\">\n\t\t\t\t\t<div class=\"e-con-inner\">\n\t\t\t\t<div class=\"elementor-element elementor-element-aea1b82 elementor-widget elementor-widget-heading\" data-id=\"aea1b82\" data-element_type=\"widget\" data-widget_type=\"heading.default\">\n\t\t\t\t<div class=\"elementor-widget-container\">\n\t\t\t\t\t<h1 class=\"elementor-heading-title elementor-size-default\">\u00bfCu\u00e1l es el Salario M\u00ednimo Interprofesional<br> para 2024?<\/h1>\t\t\t\t<\/div>\n\t\t\t\t<\/div>\n\t\t\t\t\t<\/div>\n\t\t\t\t<\/div>\n\t\t<div class=\"elementor-element elementor-element-559d0c2 e-flex e-con-boxed e-con e-parent\" data-id=\"559d0c2\" data-element_type=\"container\">\n\t\t\t\t\t<div class=\"e-con-inner\">\n\t\t\t\t<div class=\"elementor-element elementor-element-82fb7e7 elementor-widget elementor-widget-post-info\" data-id=\"82fb7e7\" data-element_type=\"widget\" data-widget_type=\"post-info.default\">\n\t\t\t\t<div class=\"elementor-widget-container\">\n\t\t\t\t\t\t\t<ul class=\"elementor-inline-items elementor-icon-list-items elementor-post-info\">\n\t\t\t\t\t\t\t\t<li class=\"elementor-icon-list-item elementor-repeater-item-84a0993 elementor-inline-item\" itemprop=\"datePublished\">\n\t\t\t\t\t\t<a href=\"https:\/\/abire.es\/nuevaweb\/2025\/04\/03\/\">\n\t\t\t\t\t\t\t\t\t\t\t<span class=\"elementor-icon-list-icon\">\n\t\t\t\t\t\t\t\t<svg aria-hidden=\"true\" class=\"e-font-icon-svg e-fas-calendar\" viewBox=\"0 0 448 512\" xmlns=\"http:\/\/www.w3.org\/2000\/svg\"><path d=\"M12 192h424c6.6 0 12 5.4 12 12v260c0 26.5-21.5 48-48 48H48c-26.5 0-48-21.5-48-48V204c0-6.6 5.4-12 12-12zm436-44v-36c0-26.5-21.5-48-48-48h-48V12c0-6.6-5.4-12-12-12h-40c-6.6 0-12 5.4-12 12v52H160V12c0-6.6-5.4-12-12-12h-40c-6.6 0-12 5.4-12 12v52H48C21.5 64 0 85.5 0 112v36c0 6.6 5.4 12 12 12h424c6.6 0 12-5.4 12-12z\"><\/path><\/svg>\t\t\t\t\t\t\t<\/span>\n\t\t\t\t\t\t\t\t\t<span class=\"elementor-icon-list-text elementor-post-info__item elementor-post-info__item--type-date\">\n\t\t\t\t\t\t\t\t\t\t<time>07\/02\/2024<\/time>\t\t\t\t\t<\/span>\n\t\t\t\t\t\t\t\t\t<\/a>\n\t\t\t\t<\/li>\n\t\t\t\t<\/ul>\n\t\t\t\t\t\t<\/div>\n\t\t\t\t<\/div>\n\t\t\t\t\t<\/div>\n\t\t\t\t<\/div>\n\t\t<div class=\"elementor-element elementor-element-c7c3000 e-flex e-con-boxed e-con e-parent\" data-id=\"c7c3000\" data-element_type=\"container\">\n\t\t\t\t\t<div class=\"e-con-inner\">\n\t\t<div class=\"elementor-element elementor-element-c582788 e-con-full e-flex elementor-invisible e-con e-child\" data-id=\"c582788\" data-element_type=\"container\" data-settings=\"{&quot;animation&quot;:&quot;fadeIn&quot;,&quot;animation_delay&quot;:200}\">\n\t\t<div class=\"elementor-element elementor-element-8682f50 e-con-full e-flex e-con e-child\" data-id=\"8682f50\" data-element_type=\"container\">\n\t\t<div class=\"elementor-element elementor-element-e8fa715 e-con-full e-flex e-con e-child\" data-id=\"e8fa715\" data-element_type=\"container\">\n\t\t\t\t<div class=\"elementor-element elementor-element-25943a9 elementor-widget elementor-widget-text-editor\" data-id=\"25943a9\" data-element_type=\"widget\" data-widget_type=\"text-editor.default\">\n\t\t\t\t<div class=\"elementor-widget-container\">\n\t\t\t\t\t\t\t\t\t<p>Se publica el <b>Real Decreto 145\/2024<\/b>, de 6 de febrero, por el que se fija el salario m\u00ednimo interprofesional para <b>2024<\/b>, que lo sit\u00faa en<b> 1.134 \u20ac mensuales<\/b>.<\/p><p>En el contexto de la regulaci\u00f3n laboral en Espa\u00f1a, el salario m\u00ednimo interprofesional (SMI) juega un papel crucial en la protecci\u00f3n de las personas trabajadoras y la promoci\u00f3n de un crecimiento econ\u00f3mico inclusivo.<\/p><p><b>Desde 2018 el SMI se ha incrementado en un 54 %.<\/b><\/p><p>Con la nueva subida del SMI, las personas trabajadoras percibir\u00e1n 5.573 euros m\u00e1s al a\u00f1o que en 2018. Las empleadas de hogar que trabajen por horas percibir\u00e1n, al menos, 8,87 euros por cada hora.<\/p><p>El incremento del <b>Salario M\u00ednimo Interprofesional contribuye<\/b>, de manera general, a promover un <b>crecimiento y una recuperaci\u00f3n de la actividad econ\u00f3mica sostenida<\/b>, sostenible e inclusiva, en orden al cumplimiento de la Agenda 2030.\u00a0<\/p><p>En particular, atiende la <b>erradicaci\u00f3n de la pobreza<\/b>, la promoci\u00f3n de pol\u00edticas orientadas a la creaci\u00f3n de <b>puestos de trabajo decentes<\/b> y a la adopci\u00f3n de pol\u00edticas salariales que logren de manera progresiva una <b>mayor igualdad<\/b>, en especial entre mujeres y hombres, y a una mayor <b>cohesi\u00f3n social<\/b>.<\/p><p>\u00a0<\/p>\t\t\t\t\t\t\t\t<\/div>\n\t\t\t\t<\/div>\n\t\t\t\t<\/div>\n\t\t\t\t<\/div>\n\t\t\t\t<\/div>\n\t\t\t\t\t<\/div>\n\t\t\t\t<\/div>\n\t\t<div class=\"elementor-element elementor-element-ee33650 e-flex e-con-boxed e-con e-parent\" data-id=\"ee33650\" data-element_type=\"container\">\n\t\t\t\t\t<div class=\"e-con-inner\">\n\t\t\t\t<div class=\"elementor-element elementor-element-e0787c8 elementor-widget elementor-widget-image\" data-id=\"e0787c8\" data-element_type=\"widget\" data-widget_type=\"image.default\">\n\t\t\t\t<div class=\"elementor-widget-container\">\n\t\t\t\t\t\t\t\t\t\t\t\t\t\t\t<img fetchpriority=\"high\" decoding=\"async\" width=\"768\" height=\"543\" src=\"https:\/\/abire.es\/nuevaweb\/wp-content\/uploads\/2025\/04\/Imagenes-Web-25-768x543.jpg\" class=\"attachment-medium_large size-medium_large wp-image-2669\" alt=\"\u00bfCu\u00e1l es el Salario M\u00ednimo Interprofesional para 2024?\" srcset=\"https:\/\/abire.es\/nuevaweb\/wp-content\/uploads\/2025\/04\/Imagenes-Web-25-768x543.jpg 768w, https:\/\/abire.es\/nuevaweb\/wp-content\/uploads\/2025\/04\/Imagenes-Web-25-300x212.jpg 300w, https:\/\/abire.es\/nuevaweb\/wp-content\/uploads\/2025\/04\/Imagenes-Web-25-1024x724.jpg 1024w, https:\/\/abire.es\/nuevaweb\/wp-content\/uploads\/2025\/04\/Imagenes-Web-25-1536x1086.jpg 1536w, https:\/\/abire.es\/nuevaweb\/wp-content\/uploads\/2025\/04\/Imagenes-Web-25.jpg 2000w\" sizes=\"(max-width: 768px) 100vw, 768px\" \/>\t\t\t\t\t\t\t\t\t\t\t\t\t\t\t<\/div>\n\t\t\t\t<\/div>\n\t\t\t\t\t<\/div>\n\t\t\t\t<\/div>\n\t\t<div class=\"elementor-element elementor-element-96acaa2 e-flex e-con-boxed e-con e-parent\" data-id=\"96acaa2\" data-element_type=\"container\">\n\t\t\t\t\t<div class=\"e-con-inner\">\n\t\t<div class=\"elementor-element elementor-element-184d3bd e-con-full e-flex elementor-invisible e-con e-child\" data-id=\"184d3bd\" data-element_type=\"container\" data-settings=\"{&quot;animation&quot;:&quot;fadeIn&quot;,&quot;animation_delay&quot;:200}\">\n\t\t<div class=\"elementor-element elementor-element-6ee419c e-con-full e-flex e-con e-child\" data-id=\"6ee419c\" data-element_type=\"container\">\n\t\t<div class=\"elementor-element elementor-element-eecf593 e-con-full e-flex e-con e-child\" data-id=\"eecf593\" data-element_type=\"container\">\n\t\t\t\t<div class=\"elementor-element elementor-element-372bd36 elementor-widget elementor-widget-heading\" data-id=\"372bd36\" data-element_type=\"widget\" data-widget_type=\"heading.default\">\n\t\t\t\t<div class=\"elementor-widget-container\">\n\t\t\t\t\t<h3 class=\"elementor-heading-title elementor-size-default\">Objetivos de la subida del SMI<\/h3>\t\t\t\t<\/div>\n\t\t\t\t<\/div>\n\t\t\t\t<\/div>\n\t\t\t\t<\/div>\n\t\t\t\t<\/div>\n\t\t\t\t\t<\/div>\n\t\t\t\t<\/div>\n\t\t<div class=\"elementor-element elementor-element-246f76e e-flex e-con-boxed e-con e-parent\" data-id=\"246f76e\" data-element_type=\"container\">\n\t\t\t\t\t<div class=\"e-con-inner\">\n\t\t<div class=\"elementor-element elementor-element-cc151eb e-con-full e-flex elementor-invisible e-con e-child\" data-id=\"cc151eb\" data-element_type=\"container\" data-settings=\"{&quot;animation&quot;:&quot;fadeIn&quot;,&quot;animation_delay&quot;:200}\">\n\t\t<div class=\"elementor-element elementor-element-ff7d6a2 e-con-full e-flex e-con e-child\" data-id=\"ff7d6a2\" data-element_type=\"container\">\n\t\t<div class=\"elementor-element elementor-element-0865067 e-con-full e-flex e-con e-child\" data-id=\"0865067\" data-element_type=\"container\">\n\t\t\t\t<div class=\"elementor-element elementor-element-362edf8 elementor-widget elementor-widget-text-editor\" data-id=\"362edf8\" data-element_type=\"widget\" data-widget_type=\"text-editor.default\">\n\t\t\t\t<div class=\"elementor-widget-container\">\n\t\t\t\t\t\t\t\t\t<p>-Atender el derecho a una <b>remuneraci\u00f3n equitativa y suficiente<\/b> que proporcione a las personas trabajadoras y a sus familias un nivel de vida digno.<\/p><p>-Culminar el objetivo de situar el <b>SMI en el 60% del salario medio<\/b>, cumpliendo as\u00ed lo dispuesto por el Comit\u00e9 Europeo de Derechos Sociales y el compromiso de legislatura del Ejecutivo.<\/p><p>-Garantizar la <b>capacidad adquisitiva de los salarios frente al coste de la vida<\/b>, en especial ante la actual situaci\u00f3n de los precios.<\/p>\t\t\t\t\t\t\t\t<\/div>\n\t\t\t\t<\/div>\n\t\t\t\t<\/div>\n\t\t\t\t<\/div>\n\t\t\t\t<\/div>\n\t\t\t\t\t<\/div>\n\t\t\t\t<\/div>\n\t\t<div class=\"elementor-element elementor-element-73de4da e-flex e-con-boxed e-con e-parent\" data-id=\"73de4da\" data-element_type=\"container\">\n\t\t\t\t\t<div class=\"e-con-inner\">\n\t\t<div class=\"elementor-element elementor-element-a97ccbb e-con-full e-flex elementor-invisible e-con e-child\" data-id=\"a97ccbb\" data-element_type=\"container\" data-settings=\"{&quot;animation&quot;:&quot;fadeIn&quot;,&quot;animation_delay&quot;:200}\">\n\t\t<div class=\"elementor-element elementor-element-e809466 e-con-full e-flex e-con e-child\" data-id=\"e809466\" data-element_type=\"container\">\n\t\t<div class=\"elementor-element elementor-element-66f35a4 e-con-full e-flex e-con e-child\" data-id=\"66f35a4\" data-element_type=\"container\">\n\t\t\t\t<div class=\"elementor-element elementor-element-5df039a elementor-widget elementor-widget-heading\" data-id=\"5df039a\" data-element_type=\"widget\" data-widget_type=\"heading.default\">\n\t\t\t\t<div class=\"elementor-widget-container\">\n\t\t\t\t\t<h3 class=\"elementor-heading-title elementor-size-default\">\u00bfCu\u00e1l es la cuant\u00eda del Salario M\u00ednimo Interprofesional en 2024?<\/h3>\t\t\t\t<\/div>\n\t\t\t\t<\/div>\n\t\t\t\t<\/div>\n\t\t\t\t<\/div>\n\t\t\t\t<\/div>\n\t\t\t\t\t<\/div>\n\t\t\t\t<\/div>\n\t\t<div class=\"elementor-element elementor-element-6407194 e-flex e-con-boxed e-con e-parent\" data-id=\"6407194\" data-element_type=\"container\">\n\t\t\t\t\t<div class=\"e-con-inner\">\n\t\t<div class=\"elementor-element elementor-element-35dd6b9 e-con-full e-flex elementor-invisible e-con e-child\" data-id=\"35dd6b9\" data-element_type=\"container\" data-settings=\"{&quot;animation&quot;:&quot;fadeIn&quot;,&quot;animation_delay&quot;:200}\">\n\t\t<div class=\"elementor-element elementor-element-8f5cb5b e-con-full e-flex e-con e-child\" data-id=\"8f5cb5b\" data-element_type=\"container\">\n\t\t<div class=\"elementor-element elementor-element-f29e169 e-con-full e-flex e-con e-child\" data-id=\"f29e169\" data-element_type=\"container\">\n\t\t\t\t<div class=\"elementor-element elementor-element-d8aa994 elementor-widget elementor-widget-text-editor\" data-id=\"d8aa994\" data-element_type=\"widget\" data-widget_type=\"text-editor.default\">\n\t\t\t\t<div class=\"elementor-widget-container\">\n\t\t\t\t\t\t\t\t\t<p>El Consejo de Ministros del 27 de diciembre de <b>2023<\/b> acord\u00f3 la pr\u00f3rroga del SMI de 2023, fijado en <b>1.080 euros brutos<\/b> mensuales en 14 pagas (15.120 euros brutos anuales), hasta la aprobaci\u00f3n de la nueva subida.\u00a0<\/p><p><b>Finalmente, <\/b>para 2024 el Gobierno ha acordado un<b> incremento del 5% del SMI<\/b>, consultado previamente de acuerdo con lo dispuesto en el art\u00edculo 27 del Estatuto de los Trabajadores, quedando fijado en <b>37,8 euros\/d\u00eda \u00f3 1134 euros\/mes<\/b>, seg\u00fan el salario est\u00e9 fijado por d\u00edas o por meses.<\/p><p>Esta cifra supone un <b>incremento<\/b> <b>de 54 euros mensuales<\/b> en 14 pagas, es decir, un total de <b>756 euros anuales.<\/b><\/p><p><span style=\"color: #4d5156; font-family: arial, sans-serif; font-size: 14px; background-color: var(--ast-global-color-5); font-weight: inherit;\">\u27a1\ufe0f<\/span><b>\u00bfEl Salario M\u00ednimo Interprofesional es neto o bruto?\u00a0<\/b><span style=\"font-style: inherit; font-weight: inherit; background-color: var(--ast-global-color-5); color: var(--ast-global-color-3);\">El Salario M\u00ednimo Interprofesional se refiere al salario base bruto de los trabajadores. Los 1.134 euros mensuales en 14 pagas representan el total de devengos de la n\u00f3mina, y en caso de estar prorrateadas las pagas extras, ser\u00e1n 1.323 euros mensuales en 12 pagas.<\/span><\/p>\t\t\t\t\t\t\t\t<\/div>\n\t\t\t\t<\/div>\n\t\t\t\t<\/div>\n\t\t\t\t<\/div>\n\t\t\t\t<\/div>\n\t\t\t\t\t<\/div>\n\t\t\t\t<\/div>\n\t\t<div class=\"elementor-element elementor-element-377e296 e-flex e-con-boxed e-con e-parent\" data-id=\"377e296\" data-element_type=\"container\">\n\t\t\t\t\t<div class=\"e-con-inner\">\n\t\t\t\t<div class=\"elementor-element elementor-element-1e436a5 elementor-widget elementor-widget-image\" data-id=\"1e436a5\" data-element_type=\"widget\" data-widget_type=\"image.default\">\n\t\t\t\t<div class=\"elementor-widget-container\">\n\t\t\t\t\t\t\t\t\t\t\t\t\t\t\t<img decoding=\"async\" width=\"768\" height=\"512\" src=\"https:\/\/abire.es\/nuevaweb\/wp-content\/uploads\/2025\/04\/Cual-es-el-Salario-Minimo-Interprofesional-para-2024-768x512.png\" class=\"attachment-medium_large size-medium_large wp-image-2670\" alt=\"Cual-es-el-Salario-Minimo-Interprofesional-para-2024\" srcset=\"https:\/\/abire.es\/nuevaweb\/wp-content\/uploads\/2025\/04\/Cual-es-el-Salario-Minimo-Interprofesional-para-2024-768x512.png 768w, https:\/\/abire.es\/nuevaweb\/wp-content\/uploads\/2025\/04\/Cual-es-el-Salario-Minimo-Interprofesional-para-2024-300x200.png 300w, https:\/\/abire.es\/nuevaweb\/wp-content\/uploads\/2025\/04\/Cual-es-el-Salario-Minimo-Interprofesional-para-2024-1024x683.png 1024w, https:\/\/abire.es\/nuevaweb\/wp-content\/uploads\/2025\/04\/Cual-es-el-Salario-Minimo-Interprofesional-para-2024.png 1200w\" sizes=\"(max-width: 768px) 100vw, 768px\" \/>\t\t\t\t\t\t\t\t\t\t\t\t\t\t\t<\/div>\n\t\t\t\t<\/div>\n\t\t\t\t\t<\/div>\n\t\t\t\t<\/div>\n\t\t<div class=\"elementor-element elementor-element-aa1b95b e-flex e-con-boxed e-con e-parent\" data-id=\"aa1b95b\" data-element_type=\"container\">\n\t\t\t\t\t<div class=\"e-con-inner\">\n\t\t<div class=\"elementor-element elementor-element-08e7c32 e-con-full e-flex elementor-invisible e-con e-child\" data-id=\"08e7c32\" data-element_type=\"container\" data-settings=\"{&quot;animation&quot;:&quot;fadeIn&quot;,&quot;animation_delay&quot;:200}\">\n\t\t<div class=\"elementor-element elementor-element-850b0c4 e-con-full e-flex e-con e-child\" data-id=\"850b0c4\" data-element_type=\"container\">\n\t\t<div class=\"elementor-element elementor-element-7856a5e e-con-full e-flex e-con e-child\" data-id=\"7856a5e\" data-element_type=\"container\">\n\t\t\t\t<div class=\"elementor-element elementor-element-599b614 elementor-widget elementor-widget-heading\" data-id=\"599b614\" data-element_type=\"widget\" data-widget_type=\"heading.default\">\n\t\t\t\t<div class=\"elementor-widget-container\">\n\t\t\t\t\t<h3 class=\"elementor-heading-title elementor-size-default\">\u00bfC\u00f3mo se calcula el SMI en c\u00f3mputo anual?<\/h3>\t\t\t\t<\/div>\n\t\t\t\t<\/div>\n\t\t\t\t<\/div>\n\t\t\t\t<\/div>\n\t\t\t\t<\/div>\n\t\t\t\t\t<\/div>\n\t\t\t\t<\/div>\n\t\t<div class=\"elementor-element elementor-element-ff74bfe e-flex e-con-boxed e-con e-parent\" data-id=\"ff74bfe\" data-element_type=\"container\">\n\t\t\t\t\t<div class=\"e-con-inner\">\n\t\t<div class=\"elementor-element elementor-element-6969ef8 e-con-full e-flex elementor-invisible e-con e-child\" data-id=\"6969ef8\" data-element_type=\"container\" data-settings=\"{&quot;animation&quot;:&quot;fadeIn&quot;,&quot;animation_delay&quot;:200}\">\n\t\t<div class=\"elementor-element elementor-element-b88fe65 e-con-full e-flex e-con e-child\" data-id=\"b88fe65\" data-element_type=\"container\">\n\t\t<div class=\"elementor-element elementor-element-a44392e e-con-full e-flex e-con e-child\" data-id=\"a44392e\" data-element_type=\"container\">\n\t\t\t\t<div class=\"elementor-element elementor-element-0750b83 elementor-widget elementor-widget-text-editor\" data-id=\"0750b83\" data-element_type=\"widget\" data-widget_type=\"text-editor.default\">\n\t\t\t\t<div class=\"elementor-widget-container\">\n\t\t\t\t\t\t\t\t\t<p>Para la aplicaci\u00f3n en c\u00f3mputo anual del SMI, se tendr\u00e1n en cuenta las reglas sobre compensaci\u00f3n siguientes:<\/p><p><b>1.<\/b> La revisi\u00f3n del <b>SMI no afecta a la estructura ni a la cuant\u00eda de los salarios profesionales<\/b> que viniesen percibiendo las personas trabajadoras cuando tales salarios, en su conjunto y en c\u00f3mputo anual, fuesen <b>superiores<\/b> a dicho salario m\u00ednimo.<\/p><p>A tales efectos, el salario m\u00ednimo en c\u00f3mputo anual que se tomar\u00e1 como t\u00e9rmino de comparaci\u00f3n ser\u00e1 el resultado de adicionar al salario m\u00ednimo fijado de 37,8 euros\/d\u00eda \u00f3 1.134 euros\/mensuales, los complementos salariales\u00a0 y el importe correspondiente al incremento garantizado sobre el salario a tiempo en la remuneraci\u00f3n a prima o con incentivo a la producci\u00f3n, si los hubiere, sin que, en ning\u00fan caso, pueda considerarse una cuant\u00eda anual inferior a<b> 15.876 euros<\/b>.<\/p><p><b>2.<\/b> Estas percepciones son compensables con los ingresos que por todos los conceptos viniesen percibiendo las personas trabajadoras, en c\u00f3mputo anual y jornada completa, con arreglo a normas legales o convencionales, laudos arbitrales y contratos individuales de trabajo en vigor cuando se publique y entre en vigor el Real Decreto del SMI para 2024<\/p><p><span style=\"background-color: var(--ast-global-color-5);\"><b>3. <\/b>Las normas legales o convencionales y los laudos arbitrales que se encuentren en vigor cuando se publique el Real Decreto por el que se fija el SMI para 2024, subsistir\u00e1n en sus propios t\u00e9rminos, sin m\u00e1s modificaci\u00f3n que la que fuese necesaria para asegurar la percepci\u00f3n de las cantidades en c\u00f3mputo anual que resulten de la aplicaci\u00f3n del SMI para 2024, debiendo, en consecuencia, ser incrementados los salarios profesionales inferiores al indicado total anual en la cuant\u00eda necesaria para equipararse a este<\/span><span style=\"background-color: var(--ast-global-color-5); color: var(--ast-global-color-3); font-style: inherit; font-weight: inherit;\">.<\/span><\/p><p><span style=\"color: #4d5156; font-family: arial, sans-serif; font-size: 14px; background-color: var(--ast-global-color-5); font-weight: inherit;\">\u27a1\ufe0f<\/span><b>\u00bfCu\u00e1l es el salario m\u00ednimo de empleadas del hogar?\u00a0<\/b><span style=\"font-style: inherit; font-weight: inherit; background-color: var(--ast-global-color-5); color: var(--ast-global-color-3);\">En el caso de empleadas y empleados del hogar que trabajen por horas, el salario m\u00ednimo ser\u00e1 de 8,87 euros por hora efectivamente trabajada, seg\u00fan fuentes de Moncloa.<\/span><\/p><p><span style=\"color: #4d5156; font-family: arial, sans-serif; font-size: 14px; background-color: var(--ast-global-color-5); font-weight: inherit;\">\u27a1\ufe0f<\/span><b>\u00bfLa subida del SMI tiene efectos retroactivos?\u00a0<\/b><span style=\"font-style: inherit; font-weight: inherit; background-color: var(--ast-global-color-5); color: var(--ast-global-color-3);\">S\u00ed. El incremento que se apruebe en Consejo de Ministros se aplicar\u00e1 con car\u00e1cter retroactivo al 1 de enero de 2024.<\/span><\/p>\t\t\t\t\t\t\t\t<\/div>\n\t\t\t\t<\/div>\n\t\t\t\t<\/div>\n\t\t\t\t<\/div>\n\t\t\t\t<\/div>\n\t\t\t\t\t<\/div>\n\t\t\t\t<\/div>\n\t\t<div class=\"elementor-element elementor-element-1881470 e-flex e-con-boxed e-con e-parent\" data-id=\"1881470\" data-element_type=\"container\">\n\t\t\t\t\t<div class=\"e-con-inner\">\n\t\t<div class=\"elementor-element elementor-element-9ac0d83 e-con-full e-flex elementor-invisible e-con e-child\" data-id=\"9ac0d83\" data-element_type=\"container\" data-settings=\"{&quot;animation&quot;:&quot;fadeIn&quot;,&quot;animation_delay&quot;:200}\">\n\t\t<div class=\"elementor-element elementor-element-5627e5a e-con-full e-flex e-con e-child\" data-id=\"5627e5a\" data-element_type=\"container\">\n\t\t<div class=\"elementor-element elementor-element-692cb54 e-con-full e-flex e-con e-child\" data-id=\"692cb54\" data-element_type=\"container\">\n\t\t\t\t<div class=\"elementor-element elementor-element-d2f753d elementor-widget elementor-widget-heading\" data-id=\"d2f753d\" data-element_type=\"widget\" data-widget_type=\"heading.default\">\n\t\t\t\t<div class=\"elementor-widget-container\">\n\t\t\t\t\t<h3 class=\"elementor-heading-title elementor-size-default\">\u00bfCu\u00e1l es el Salario M\u00ednimo Interprofesional en un contrato de formaci\u00f3n en alternancia para el a\u00f1o 2024?<\/h3>\t\t\t\t<\/div>\n\t\t\t\t<\/div>\n\t\t\t\t<\/div>\n\t\t\t\t<\/div>\n\t\t\t\t<\/div>\n\t\t\t\t\t<\/div>\n\t\t\t\t<\/div>\n\t\t<div class=\"elementor-element elementor-element-a0b7c4f e-flex e-con-boxed e-con e-parent\" data-id=\"a0b7c4f\" data-element_type=\"container\">\n\t\t\t\t\t<div class=\"e-con-inner\">\n\t\t<div class=\"elementor-element elementor-element-ed0e128 e-con-full e-flex elementor-invisible e-con e-child\" data-id=\"ed0e128\" data-element_type=\"container\" data-settings=\"{&quot;animation&quot;:&quot;fadeIn&quot;,&quot;animation_delay&quot;:200}\">\n\t\t<div class=\"elementor-element elementor-element-0ee36c8 e-con-full e-flex e-con e-child\" data-id=\"0ee36c8\" data-element_type=\"container\">\n\t\t<div class=\"elementor-element elementor-element-7277f32 e-con-full e-flex e-con e-child\" data-id=\"7277f32\" data-element_type=\"container\">\n\t\t\t\t<div class=\"elementor-element elementor-element-bfb7038 elementor-widget elementor-widget-text-editor\" data-id=\"bfb7038\" data-element_type=\"widget\" data-widget_type=\"text-editor.default\">\n\t\t\t\t<div class=\"elementor-widget-container\">\n\t\t\t\t\t\t\t\t\t<p>El salario en el contrato de formaci\u00f3n en alternancia<b> nunca puede ser inferior al SMI<\/b>, en proporci\u00f3n al tiempo de trabajo efectivo. Para <b>2024<\/b>, el SMI es de <b>1.134 \u20ac.<\/b><\/p><p>El salario en un contrato para la formaci\u00f3n en alternancia se determina de acuerdo con varios factores:<\/p><p><b>1. Convenio colectivo: <\/b>La retribuci\u00f3n por el tiempo de trabajo efectivo ser\u00e1 la fijada en el convenio colectivo aplicable en la empresa para estos contratos o en su defecto la del grupo profesional y nivel retributivo correspondiente a las funciones desempe\u00f1adas.<\/p><p><b>2.<\/b> <b>Duraci\u00f3n del contrato y horas de trabajo: <\/b>La duraci\u00f3n del contrato de formaci\u00f3n en alternancia es m\u00ednimo de 3 meses y m\u00e1ximo de 2 a\u00f1os con una jornada parcial o completa de m\u00e1ximo 40 horas.<\/p><p><i><span style=\"background-color: var(--ast-global-color-5); color: var(--ast-global-color-3); font-weight: inherit;\">Para una jornada de 40 horas semanales, se reparten las horas de formaci\u00f3n y trabajo efectivo:<\/span><br \/><\/i><\/p><ul><li>En el <b><u>primer a\u00f1o<\/u><\/b>, se dedican <b>26 horas a trabajo efectivo<\/b> (65%) y <b>14 horas a formaci\u00f3n<\/b> (35%), a la semana.<\/li><li>En el <b><u>segundo a\u00f1o<\/u><\/b>, se dedican <b>34 horas a trabajo efectivo<\/b> (85%) y <b>6 horas a formaci\u00f3n<\/b> (15%), a la semana.<\/li><\/ul><div>\u00a0<\/div><p><b>3. Salario M\u00ednimo:<\/b> en ning\u00fan caso la retribuci\u00f3n podr\u00e1 ser inferior a la retribuci\u00f3n m\u00ednima establecida para el contrato para la formaci\u00f3n en alternancia ni al salario m\u00ednimo interprofesional en proporci\u00f3n al tiempo de trabajo efectivo.<\/p><p><b>La nueva subida salarial publicada mediante el Real Decreto mencionado, se aplicar\u00e1 con efectos retroactivos desde el 1 de enero de este a\u00f1o.<\/b><\/p>\t\t\t\t\t\t\t\t<\/div>\n\t\t\t\t<\/div>\n\t\t\t\t<\/div>\n\t\t\t\t<\/div>\n\t\t\t\t<\/div>\n\t\t\t\t\t<\/div>\n\t\t\t\t<\/div>\n\t\t<div class=\"elementor-element elementor-element-3fb52d5 e-con-full e-flex e-con e-child\" data-id=\"3fb52d5\" data-element_type=\"container\">\n\t\t<div class=\"elementor-element elementor-element-d825785 e-con-full e-flex e-con e-child\" data-id=\"d825785\" data-element_type=\"container\">\n\t\t\t\t<div class=\"elementor-element elementor-element-228b238 elementor-widget__width-auto elementor-widget-mobile__width-inherit elementor-widget elementor-widget-text-editor\" data-id=\"228b238\" data-element_type=\"widget\" data-widget_type=\"text-editor.default\">\n\t\t\t\t<div class=\"elementor-widget-container\">\n\t\t\t\t\t\t\t\t\t<p>Share :<\/p>\t\t\t\t\t\t\t\t<\/div>\n\t\t\t\t<\/div>\n\t\t\t\t<div class=\"elementor-element elementor-element-1f6443c elementor-widget__width-auto elementor-widget-mobile__width-inherit elementor-widget elementor-widget-elementskit-social-share\" data-id=\"1f6443c\" data-element_type=\"widget\" data-widget_type=\"elementskit-social-share.default\">\n\t\t\t\t<div class=\"elementor-widget-container\">\n\t\t\t\t\t<div class=\"ekit-wid-con\" >\t\t<ul class=\"ekit_socialshare\">\n                            <li class=\"elementor-repeater-item-a14f26e\" data-social=\"facebook\">\n                    <div class=\"facebook\">\n                        \n                        <i aria-hidden=\"true\" class=\"icon icon-facebook\"><\/i>                        \n                                                                                            <\/div>\n                <\/li>\n                                            <li class=\"elementor-repeater-item-55ea23a\" data-social=\"twitter\">\n                    <div class=\"twitter\">\n                        \n                        <svg xmlns=\"http:\/\/www.w3.org\/2000\/svg\" data-name=\"Google alt\" id=\"Google_alt\" viewBox=\"0 0 420 419.997\"><title><\/title><path d=\"M388.818,146.28a24.3,24.3,0,1,1-24.295-24.295A24.3,24.3,0,0,1,388.818,146.28ZM466,256l-0.005.306-1.38,88.105a121.58,121.58,0,0,1-120.2,120.2L256,466l-0.306-.006-88.105-1.376a121.586,121.586,0,0,1-120.206-120.2L46,256l0.006-.306,1.376-88.108a121.59,121.59,0,0,1,120.206-120.2L256,46l0.306,0.006,88.105,1.376a121.584,121.584,0,0,1,120.2,120.2Zm-39.112,0-1.374-87.8A82.654,82.654,0,0,0,343.8,86.485L256,85.114l-87.8,1.371A82.658,82.658,0,0,0,86.484,168.2L85.113,256l1.371,87.8A82.655,82.655,0,0,0,168.2,425.515l87.8,1.371,87.8-1.371A82.651,82.651,0,0,0,425.514,343.8Zm-63.048,0A107.841,107.841,0,1,1,256,148.159,107.962,107.962,0,0,1,363.84,256Zm-39.107,0A68.734,68.734,0,1,0,256,324.734,68.812,68.812,0,0,0,324.732,256Z\" transform=\"translate(-46 -46.001)\"><\/path><\/svg>                        \n                                                                                            <\/div>\n                <\/li>\n                                            <li class=\"elementor-repeater-item-5daf535\" data-social=\"linkedin\">\n                    <div class=\"linkedin\">\n                        \n                        <i aria-hidden=\"true\" class=\"icon icon-linkedin\"><\/i>                        \n                                                                                            <\/div>\n                <\/li>\n                                    <\/ul>\n        <\/div>\t\t\t\t<\/div>\n\t\t\t\t<\/div>\n\t\t\t\t<\/div>\n\t\t\t\t<\/div>\n\t\t\t\t<\/div>\n\t\t","protected":false},"excerpt":{"rendered":"<p>\u00bfCu\u00e1l es el Salario M\u00ednimo Interprofesional para 2024? Se publica el Real Decreto 145\/2024, de 6 de febrero, por el que se fija el salario m\u00ednimo interprofesional para 2024, que lo sit\u00faa en 1.134 \u20ac mensuales. En el contexto de la regulaci\u00f3n laboral en Espa\u00f1a, el salario m\u00ednimo interprofesional (SMI) juega un papel crucial en [&hellip;]<\/p>\n","protected":false},"author":1,"featured_media":0,"comment_status":"open","ping_status":"open","sticky":false,"template":"","format":"standard","meta":{"footnotes":""},"categories":[1],"tags":[],"class_list":["post-2667","post","type-post","status-publish","format-standard","hentry","category-sin-categoria"],"_links":{"self":[{"href":"https:\/\/abire.es\/nuevaweb\/wp-json\/wp\/v2\/posts\/2667","targetHints":{"allow":["GET"]}}],"collection":[{"href":"https:\/\/abire.es\/nuevaweb\/wp-json\/wp\/v2\/posts"}],"about":[{"href":"https:\/\/abire.es\/nuevaweb\/wp-json\/wp\/v2\/types\/post"}],"author":[{"embeddable":true,"href":"https:\/\/abire.es\/nuevaweb\/wp-json\/wp\/v2\/users\/1"}],"replies":[{"embeddable":true,"href":"https:\/\/abire.es\/nuevaweb\/wp-json\/wp\/v2\/comments?post=2667"}],"version-history":[{"count":8,"href":"https:\/\/abire.es\/nuevaweb\/wp-json\/wp\/v2\/posts\/2667\/revisions"}],"predecessor-version":[{"id":3229,"href":"https:\/\/abire.es\/nuevaweb\/wp-json\/wp\/v2\/posts\/2667\/revisions\/3229"}],"wp:attachment":[{"href":"https:\/\/abire.es\/nuevaweb\/wp-json\/wp\/v2\/media?parent=2667"}],"wp:term":[{"taxonomy":"category","embeddable":true,"href":"https:\/\/abire.es\/nuevaweb\/wp-json\/wp\/v2\/categories?post=2667"},{"taxonomy":"post_tag","embeddable":true,"href":"https:\/\/abire.es\/nuevaweb\/wp-json\/wp\/v2\/tags?post=2667"}],"curies":[{"name":"wp","href":"https:\/\/api.w.org\/{rel}","templated":true}]}}