{"id":2675,"date":"2025-04-03T11:31:01","date_gmt":"2025-04-03T09:31:01","guid":{"rendered":"https:\/\/abire.es\/nuevaweb\/?p=2675"},"modified":"2025-05-02T09:41:41","modified_gmt":"2025-05-02T07:41:41","slug":"tabla-de-cotizaciones-contrato-de-formacion-en-alternancia-2024","status":"publish","type":"post","link":"https:\/\/abire.es\/nuevaweb\/2025\/04\/03\/tabla-de-cotizaciones-contrato-de-formacion-en-alternancia-2024\/","title":{"rendered":"Tabla de cotizaciones contrato de formaci\u00f3n en alternancia 2024"},"content":{"rendered":"\t\t<div data-elementor-type=\"wp-post\" data-elementor-id=\"2675\" class=\"elementor elementor-2675\" data-elementor-post-type=\"post\">\n\t\t\t\t<div class=\"elementor-element elementor-element-ec303db e-flex e-con-boxed e-con e-parent\" data-id=\"ec303db\" data-element_type=\"container\">\n\t\t\t\t\t<div class=\"e-con-inner\">\n\t\t\t\t<div class=\"elementor-element elementor-element-4180844 elementor-widget elementor-widget-heading\" data-id=\"4180844\" data-element_type=\"widget\" data-widget_type=\"heading.default\">\n\t\t\t\t<div class=\"elementor-widget-container\">\n\t\t\t\t\t<h1 class=\"elementor-heading-title elementor-size-default\">Cotizaciones  de los contratos de formaci\u00f3n en alternancia para 2024<\/h1>\t\t\t\t<\/div>\n\t\t\t\t<\/div>\n\t\t\t\t\t<\/div>\n\t\t\t\t<\/div>\n\t\t<div class=\"elementor-element elementor-element-d8d63de e-flex e-con-boxed e-con e-parent\" data-id=\"d8d63de\" data-element_type=\"container\">\n\t\t\t\t\t<div class=\"e-con-inner\">\n\t\t\t\t<div class=\"elementor-element elementor-element-cf4022f elementor-widget elementor-widget-post-info\" data-id=\"cf4022f\" data-element_type=\"widget\" data-widget_type=\"post-info.default\">\n\t\t\t\t<div class=\"elementor-widget-container\">\n\t\t\t\t\t\t\t<ul class=\"elementor-inline-items elementor-icon-list-items elementor-post-info\">\n\t\t\t\t\t\t\t\t<li class=\"elementor-icon-list-item elementor-repeater-item-84a0993 elementor-inline-item\" itemprop=\"datePublished\">\n\t\t\t\t\t\t<a href=\"https:\/\/abire.es\/nuevaweb\/2025\/04\/03\/\">\n\t\t\t\t\t\t\t\t\t\t\t<span class=\"elementor-icon-list-icon\">\n\t\t\t\t\t\t\t\t<svg aria-hidden=\"true\" class=\"e-font-icon-svg e-fas-calendar\" viewBox=\"0 0 448 512\" xmlns=\"http:\/\/www.w3.org\/2000\/svg\"><path d=\"M12 192h424c6.6 0 12 5.4 12 12v260c0 26.5-21.5 48-48 48H48c-26.5 0-48-21.5-48-48V204c0-6.6 5.4-12 12-12zm436-44v-36c0-26.5-21.5-48-48-48h-48V12c0-6.6-5.4-12-12-12h-40c-6.6 0-12 5.4-12 12v52H160V12c0-6.6-5.4-12-12-12h-40c-6.6 0-12 5.4-12 12v52H48C21.5 64 0 85.5 0 112v36c0 6.6 5.4 12 12 12h424c6.6 0 12-5.4 12-12z\"><\/path><\/svg>\t\t\t\t\t\t\t<\/span>\n\t\t\t\t\t\t\t\t\t<span class=\"elementor-icon-list-text elementor-post-info__item elementor-post-info__item--type-date\">\n\t\t\t\t\t\t\t\t\t\t<time>01\/04\/2024<\/time>\t\t\t\t\t<\/span>\n\t\t\t\t\t\t\t\t\t<\/a>\n\t\t\t\t<\/li>\n\t\t\t\t<\/ul>\n\t\t\t\t\t\t<\/div>\n\t\t\t\t<\/div>\n\t\t\t\t\t<\/div>\n\t\t\t\t<\/div>\n\t\t<div class=\"elementor-element elementor-element-2050442 e-flex e-con-boxed e-con e-parent\" data-id=\"2050442\" data-element_type=\"container\">\n\t\t\t\t\t<div class=\"e-con-inner\">\n\t\t<div class=\"elementor-element elementor-element-f964bc4 e-con-full e-flex elementor-invisible e-con e-child\" data-id=\"f964bc4\" data-element_type=\"container\" data-settings=\"{&quot;animation&quot;:&quot;fadeIn&quot;,&quot;animation_delay&quot;:200}\">\n\t\t<div class=\"elementor-element elementor-element-f237185 e-con-full e-flex e-con e-child\" data-id=\"f237185\" data-element_type=\"container\">\n\t\t<div class=\"elementor-element elementor-element-ee5079c e-con-full e-flex e-con e-child\" data-id=\"ee5079c\" data-element_type=\"container\">\n\t\t\t\t<div class=\"elementor-element elementor-element-a21a117 elementor-widget elementor-widget-text-editor\" data-id=\"a21a117\" data-element_type=\"widget\" data-widget_type=\"text-editor.default\">\n\t\t\t\t<div class=\"elementor-widget-container\">\n\t\t\t\t\t\t\t\t\t<p>Publicada definitivamente el d\u00eda 28 de marzo la\u00a0<b><a href=\"https:\/\/www.boe.es\/diario_boe\/txt.php?id=BOE-A-2024-6218\">Orden PJC\/281\/2024<\/a><\/b>, de 27 de marzo, por la que se modifica la Orden PJC\/51\/2024, de 29 de enero\u00a0por la que se desarrollan las normas legales de cotizaci\u00f3n a la Seguridad Social, desempleo, protecci\u00f3n por cese de actividad, Fondo de Garant\u00eda Salarial y formaci\u00f3n profesional para el ejercicio 2024.\u00a0<\/p><p>La cotizaci\u00f3n a la Seguridad Social para los contratos de formaci\u00f3n en alternancia y los contratos para la formaci\u00f3n y el aprendizaje, consistir\u00e1 en una\u00a0<b>cuota \u00fanica mensual<\/b>, siempre que no supere la base m\u00ednima mensual de cotizaci\u00f3n del r\u00e9gimen de la Seguridad Social que corresponda.\u00a0<span style=\"font-style: inherit; font-weight: inherit; background-color: var(--ast-global-color-5); color: var(--ast-global-color-3);\">Esta base de cotizaci\u00f3n ya est\u00e1 adaptada a la publicaci\u00f3n del\u00a0<\/span><b style=\"font-style: inherit; font-weight: inherit;\"><a href=\"https:\/\/www.boe.es\/buscar\/act.php?id=BOE-A-2024-2251\">Real Decreto 145\/2024<\/a><\/b><span style=\"font-style: inherit; font-weight: inherit; background-color: var(--ast-global-color-5); color: var(--ast-global-color-3);\">, <\/span><span style=\"font-style: inherit; background-color: var(--ast-global-color-5); color: var(--ast-global-color-3);\"><b>de 6 de febrero, por la que se fija el Salario M\u00ednimo Interprofesional para el a\u00f1o 2024<\/b><\/span><span style=\"font-style: inherit; font-weight: inherit; background-color: var(--ast-global-color-5); color: var(--ast-global-color-3);\">,\u00a0 que lo sit\u00faa en 1134 \u20ac mensuales (en 14 pagas) \u00f3 1323 \u20ac en 12 pagas.<\/span><\/p><p>Esta norma\u00a0<b>surtir\u00e1 efectos durante el per\u00edodo comprendido entre el 1 de enero y el 31 de diciembre de 2024<\/b>,\u00a0es decir,<b> con\u00a0efectos retroactivos del\u00a01 de enero de\u00a0202<\/b>4.<\/p><p>\u00a0<\/p>\t\t\t\t\t\t\t\t<\/div>\n\t\t\t\t<\/div>\n\t\t\t\t<\/div>\n\t\t\t\t<\/div>\n\t\t\t\t<\/div>\n\t\t\t\t\t<\/div>\n\t\t\t\t<\/div>\n\t\t<div class=\"elementor-element elementor-element-ba74424 e-flex e-con-boxed e-con e-parent\" data-id=\"ba74424\" data-element_type=\"container\">\n\t\t\t\t\t<div class=\"e-con-inner\">\n\t\t\t\t<div class=\"elementor-element elementor-element-20e6bb4 elementor-widget elementor-widget-image\" data-id=\"20e6bb4\" data-element_type=\"widget\" data-widget_type=\"image.default\">\n\t\t\t\t<div class=\"elementor-widget-container\">\n\t\t\t\t\t\t\t\t\t\t\t\t\t\t\t<img fetchpriority=\"high\" decoding=\"async\" width=\"768\" height=\"543\" src=\"https:\/\/abire.es\/nuevaweb\/wp-content\/uploads\/2025\/04\/Tabla-actualizada-para-cotizaciones-definitivas-2024-768x543.png\" class=\"attachment-medium_large size-medium_large wp-image-2677\" alt=\"Tabla-actualizada-para-cotizaciones-definitivas-2024\" srcset=\"https:\/\/abire.es\/nuevaweb\/wp-content\/uploads\/2025\/04\/Tabla-actualizada-para-cotizaciones-definitivas-2024-768x543.png 768w, https:\/\/abire.es\/nuevaweb\/wp-content\/uploads\/2025\/04\/Tabla-actualizada-para-cotizaciones-definitivas-2024-300x212.png 300w, https:\/\/abire.es\/nuevaweb\/wp-content\/uploads\/2025\/04\/Tabla-actualizada-para-cotizaciones-definitivas-2024-1024x724.png 1024w, https:\/\/abire.es\/nuevaweb\/wp-content\/uploads\/2025\/04\/Tabla-actualizada-para-cotizaciones-definitivas-2024-1536x1086.png 1536w, https:\/\/abire.es\/nuevaweb\/wp-content\/uploads\/2025\/04\/Tabla-actualizada-para-cotizaciones-definitivas-2024.png 2000w\" sizes=\"(max-width: 768px) 100vw, 768px\" \/>\t\t\t\t\t\t\t\t\t\t\t\t\t\t\t<\/div>\n\t\t\t\t<\/div>\n\t\t\t\t\t<\/div>\n\t\t\t\t<\/div>\n\t\t<div class=\"elementor-element elementor-element-428d21b e-flex e-con-boxed e-con e-parent\" data-id=\"428d21b\" data-element_type=\"container\">\n\t\t\t\t\t<div class=\"e-con-inner\">\n\t\t<div class=\"elementor-element elementor-element-87867fe e-con-full e-flex elementor-invisible e-con e-child\" data-id=\"87867fe\" data-element_type=\"container\" data-settings=\"{&quot;animation&quot;:&quot;fadeIn&quot;,&quot;animation_delay&quot;:200}\">\n\t\t<div class=\"elementor-element elementor-element-4296090 e-con-full e-flex e-con e-child\" data-id=\"4296090\" data-element_type=\"container\">\n\t\t<div class=\"elementor-element elementor-element-ef4cfc5 e-con-full e-flex e-con e-child\" data-id=\"ef4cfc5\" data-element_type=\"container\">\n\t\t\t\t<div class=\"elementor-element elementor-element-e076029 elementor-widget elementor-widget-text-editor\" data-id=\"e076029\" data-element_type=\"widget\" data-widget_type=\"text-editor.default\">\n\t\t\t\t<div class=\"elementor-widget-container\">\n\t\t\t\t\t\t\t\t\t<p>(1) Cuando proceda cotizar por desempleo en los contratos para la formaci\u00f3n, la base de cotizaci\u00f3n, ser\u00e1 la base m\u00ednima correspondiente a las contingencias por accidentes de trabajo y enfermedades profesionales, para el a\u00f1o 2024 (1.323 euros), a la que ser\u00e1 de aplicaci\u00f3n el tipo del 7,05%, distribuido conforme al siguiente detalle: 5,50% a cargo de la empresa y 1,55% a cargo del trabajador.<\/p><p>(2) Art\u00edculo 127 bis. Real Decreto Legislativo 8\/2015, de 30 de octubre: \u00ab2. La cotizaci\u00f3n adicional finalista que nutrir\u00e1 el Fondo de Reserva de la Seguridad Social no podr\u00e1 ser objeto de bonificaci\u00f3n, reducci\u00f3n, exenci\u00f3n o deducci\u00f3n alguna\u00bb.<\/p>\t\t\t\t\t\t\t\t<\/div>\n\t\t\t\t<\/div>\n\t\t\t\t<\/div>\n\t\t\t\t<\/div>\n\t\t\t\t<\/div>\n\t\t\t\t\t<\/div>\n\t\t\t\t<\/div>\n\t\t<div class=\"elementor-element elementor-element-3fe8a95 e-flex e-con-boxed e-con e-parent\" data-id=\"3fe8a95\" data-element_type=\"container\">\n\t\t\t\t\t<div class=\"e-con-inner\">\n\t\t<div class=\"elementor-element elementor-element-f549035 e-con-full e-flex elementor-invisible e-con e-child\" data-id=\"f549035\" data-element_type=\"container\" data-settings=\"{&quot;animation&quot;:&quot;fadeIn&quot;,&quot;animation_delay&quot;:200}\">\n\t\t<div class=\"elementor-element elementor-element-507b718 e-con-full e-flex e-con e-child\" data-id=\"507b718\" data-element_type=\"container\">\n\t\t<div class=\"elementor-element elementor-element-ce2a936 e-con-full e-flex e-con e-child\" data-id=\"ce2a936\" data-element_type=\"container\">\n\t\t\t\t<div class=\"elementor-element elementor-element-93e15a1 elementor-widget elementor-widget-text-editor\" data-id=\"93e15a1\" data-element_type=\"widget\" data-widget_type=\"text-editor.default\">\n\t\t\t\t<div class=\"elementor-widget-container\">\n\t\t\t\t\t\t\t\t\t<p>La base de cotizaci\u00f3n del contrato de\u00a0 formaci\u00f3n actualizada para 2024 ser\u00eda de:<br \/><b>\u2022 Base de cotizaci\u00f3n m\u00ednima mensual: 1.323 \u20ac.<br \/>\u2022 Base de cotizaci\u00f3n m\u00ednima diaria: 44,10 \u20ac<\/b><\/p><p><b style=\"font-style: inherit; background-color: var(--ast-global-color-5); color: var(--ast-global-color-3);\">TOTAL: 180,54 euros<\/b><\/p><p style=\"font-size: 18px; font-style: normal; font-weight: 400;\">Por \u00faltimo, de acuerdo a la<span style=\"font-weight: bold;\">\u00a0Disposici\u00f3n transitoria \u00fanica. Ingreso de diferencias de cotizaci\u00f3n de esta norma<\/span>,<br \/>\u201cEl ingreso de las diferencias de cotizaci\u00f3n que se puedan producir como consecuencia de las modificaciones efectuadas por esta orden respecto de las cotizaciones ya practicadas se realizar\u00e1 en los t\u00e9rminos previstos en la\u00a0<a href=\"https:\/\/www.boe.es\/diario_boe\/txt.php?id=BOE-A-2024-1691\">disposici\u00f3n transitoria primera de la Orden PJC\/51\/2024, de 29 de enero<\/a>.<\/p><p style=\"font-size: 18px; font-style: normal; font-weight: 400;\"><span style=\"font-weight: bold;\">IMPORTANTE<\/span>:\u00a0Si la base de cotizaci\u00f3n supera la base m\u00ednima mensual, deber\u00e1 aplicar al importe en que la base de cotizaci\u00f3n exceda de la base m\u00ednima, los tipos de cotizaci\u00f3n recogidos en el art. 44. Segunda, apartados 1\u00ba y 2\u00ba.\u00a0<br \/><span style=\"font-weight: bold;\">En la siguiente tabla detallamos los porcentajes a aplicar a ese exceso sobre la base m\u00ednima de cotizaci\u00f3n conforme a la remisi\u00f3n que se hace al art. 31,2 a) 1\u00ba y letras b) y c) del mismo texto legal.<\/span><\/p>\t\t\t\t\t\t\t\t<\/div>\n\t\t\t\t<\/div>\n\t\t\t\t<\/div>\n\t\t\t\t<\/div>\n\t\t\t\t<\/div>\n\t\t\t\t\t<\/div>\n\t\t\t\t<\/div>\n\t\t<div class=\"elementor-element elementor-element-8c4d1b5 e-flex e-con-boxed e-con e-parent\" data-id=\"8c4d1b5\" data-element_type=\"container\">\n\t\t\t\t\t<div class=\"e-con-inner\">\n\t\t\t\t<div class=\"elementor-element elementor-element-75f3372 elementor-widget elementor-widget-image\" data-id=\"75f3372\" data-element_type=\"widget\" data-widget_type=\"image.default\">\n\t\t\t\t<div class=\"elementor-widget-container\">\n\t\t\t\t\t\t\t\t\t\t\t\t\t\t\t<img decoding=\"async\" width=\"768\" height=\"543\" src=\"https:\/\/abire.es\/nuevaweb\/wp-content\/uploads\/2025\/04\/Imagenes-Web-42-768x543.jpg\" class=\"attachment-medium_large size-medium_large wp-image-2678\" alt=\"Tabla de cotizaciones contrato de formaci\u00f3n en alternancia 2024\" srcset=\"https:\/\/abire.es\/nuevaweb\/wp-content\/uploads\/2025\/04\/Imagenes-Web-42-768x543.jpg 768w, https:\/\/abire.es\/nuevaweb\/wp-content\/uploads\/2025\/04\/Imagenes-Web-42-300x212.jpg 300w, https:\/\/abire.es\/nuevaweb\/wp-content\/uploads\/2025\/04\/Imagenes-Web-42-1024x724.jpg 1024w, https:\/\/abire.es\/nuevaweb\/wp-content\/uploads\/2025\/04\/Imagenes-Web-42-1536x1086.jpg 1536w, https:\/\/abire.es\/nuevaweb\/wp-content\/uploads\/2025\/04\/Imagenes-Web-42.jpg 2000w\" sizes=\"(max-width: 768px) 100vw, 768px\" \/>\t\t\t\t\t\t\t\t\t\t\t\t\t\t\t<\/div>\n\t\t\t\t<\/div>\n\t\t\t\t\t<\/div>\n\t\t\t\t<\/div>\n\t\t<div class=\"elementor-element elementor-element-668f6d8 e-flex e-con-boxed e-con e-parent\" data-id=\"668f6d8\" data-element_type=\"container\">\n\t\t\t\t\t<div class=\"e-con-inner\">\n\t\t<div class=\"elementor-element elementor-element-e334c30 e-con-full e-flex elementor-invisible e-con e-child\" data-id=\"e334c30\" data-element_type=\"container\" data-settings=\"{&quot;animation&quot;:&quot;fadeIn&quot;,&quot;animation_delay&quot;:200}\">\n\t\t<div class=\"elementor-element elementor-element-edde60d e-con-full e-flex e-con e-child\" data-id=\"edde60d\" data-element_type=\"container\">\n\t\t<div class=\"elementor-element elementor-element-8d4a750 e-con-full e-flex e-con e-child\" data-id=\"8d4a750\" data-element_type=\"container\">\n\t\t\t\t<div class=\"elementor-element elementor-element-a6d9198 elementor-widget elementor-widget-text-editor\" data-id=\"a6d9198\" data-element_type=\"widget\" data-widget_type=\"text-editor.default\">\n\t\t\t\t<div class=\"elementor-widget-container\">\n\t\t\t\t\t\t\t\t\t<p>Le informamos que a los&nbsp;<b>contratos formativos en alternancia a tiempo parcial<\/b>, les resultar\u00e1n de aplicaci\u00f3n las normas de cotizaci\u00f3n indicadas para los contratos formativos en alternancia a tiempo completo&nbsp;(D.A. 43 de la Ley General de la Seguridad Social, de 30 de octubre, en su redacci\u00f3n operada por el&nbsp; Real Decreto-ley 32\/2021, de 28 de diciembre).<\/p>\n<p>Adem\u00e1s, en la&nbsp;<b>nueva cotizaci\u00f3n por el MEI&nbsp;<\/b>(Mecanismo de Equidad Intergeneracional), tambi\u00e9n se aplica a esta modalidad contractual. Para el mecanismo de equidad intergeneracional, se aplicar\u00e1 el 0,7 por ciento sobre la base de cotizaci\u00f3n por contingencias comunes, (1.323 \u20ac) del que el 0,58 por ciento corresponder\u00e1 al empresario y 0,12, al trabajador, sobre la base de cotizaci\u00f3n m\u00ednima del R\u00e9gimen General de la Seguridad Social.<\/p>\n<p><b>RECUERDEN<\/b> que el contrato de formaci\u00f3n en alternancia cuenta con un interesante sistema de bonificaciones que permiten que las empresas puedan deducir a las cuant\u00edas anteriores:<\/p>\n<p>&#8211; Hasta 119 \u20ac por mes completo, 91 \u20ac\/mes de la cuota empresarial, as\u00ed como de una bonificaci\u00f3n de 28 \u20ac\/mes en las cuotas a la Seguridad Social de la persona trabajadora y por los conceptos de recaudaci\u00f3n conjunta.&nbsp;<\/p>\n<p>&#8211; Bonificaci\u00f3n adicional de 60 \u20ac\/ 80 \u20ac, seg\u00fan el tama\u00f1o de la empresa,&nbsp; para la compensaci\u00f3n de los gastos por el desempe\u00f1o de las funciones de tutor\u00eda de&nbsp; empresa.<\/p>\n<p>&#8211; Bonificaci\u00f3n del 100 % de la actividad formativa.<\/p>\n<p>De esta manera, el contrato para la formaci\u00f3n en alternancia, se convierte en la opci\u00f3n m\u00e1s econ\u00f3mica y ventajosa que permite a las empresas incorporar personal joven a sus plantillas, y formarlos a su medida.<\/p><p><br><\/p>\t\t\t\t\t\t\t\t<\/div>\n\t\t\t\t<\/div>\n\t\t\t\t<\/div>\n\t\t\t\t<\/div>\n\t\t\t\t<\/div>\n\t\t\t\t\t<\/div>\n\t\t\t\t<\/div>\n\t\t<div class=\"elementor-element elementor-element-cc7d8fb e-con-full e-flex e-con e-child\" data-id=\"cc7d8fb\" data-element_type=\"container\">\n\t\t<div class=\"elementor-element elementor-element-9682ac9 e-con-full e-flex e-con e-child\" data-id=\"9682ac9\" data-element_type=\"container\">\n\t\t\t\t<div class=\"elementor-element elementor-element-e429cd7 elementor-widget__width-auto elementor-widget-mobile__width-inherit elementor-widget elementor-widget-text-editor\" data-id=\"e429cd7\" data-element_type=\"widget\" data-widget_type=\"text-editor.default\">\n\t\t\t\t<div class=\"elementor-widget-container\">\n\t\t\t\t\t\t\t\t\t<p>Share :<\/p>\t\t\t\t\t\t\t\t<\/div>\n\t\t\t\t<\/div>\n\t\t\t\t<div class=\"elementor-element elementor-element-2457c6a elementor-widget__width-auto elementor-widget-mobile__width-inherit elementor-widget elementor-widget-elementskit-social-share\" data-id=\"2457c6a\" data-element_type=\"widget\" data-widget_type=\"elementskit-social-share.default\">\n\t\t\t\t<div class=\"elementor-widget-container\">\n\t\t\t\t\t<div class=\"ekit-wid-con\" >\t\t<ul class=\"ekit_socialshare\">\n                            <li class=\"elementor-repeater-item-a14f26e\" data-social=\"facebook\">\n                    <div class=\"facebook\">\n                        \n                        <i aria-hidden=\"true\" class=\"icon icon-facebook\"><\/i>                        \n                                                                                            <\/div>\n                <\/li>\n                                            <li class=\"elementor-repeater-item-55ea23a\" data-social=\"twitter\">\n                    <div class=\"twitter\">\n                        \n                        <svg xmlns=\"http:\/\/www.w3.org\/2000\/svg\" data-name=\"Google alt\" id=\"Google_alt\" viewBox=\"0 0 420 419.997\"><title><\/title><path d=\"M388.818,146.28a24.3,24.3,0,1,1-24.295-24.295A24.3,24.3,0,0,1,388.818,146.28ZM466,256l-0.005.306-1.38,88.105a121.58,121.58,0,0,1-120.2,120.2L256,466l-0.306-.006-88.105-1.376a121.586,121.586,0,0,1-120.206-120.2L46,256l0.006-.306,1.376-88.108a121.59,121.59,0,0,1,120.206-120.2L256,46l0.306,0.006,88.105,1.376a121.584,121.584,0,0,1,120.2,120.2Zm-39.112,0-1.374-87.8A82.654,82.654,0,0,0,343.8,86.485L256,85.114l-87.8,1.371A82.658,82.658,0,0,0,86.484,168.2L85.113,256l1.371,87.8A82.655,82.655,0,0,0,168.2,425.515l87.8,1.371,87.8-1.371A82.651,82.651,0,0,0,425.514,343.8Zm-63.048,0A107.841,107.841,0,1,1,256,148.159,107.962,107.962,0,0,1,363.84,256Zm-39.107,0A68.734,68.734,0,1,0,256,324.734,68.812,68.812,0,0,0,324.732,256Z\" transform=\"translate(-46 -46.001)\"><\/path><\/svg>                        \n                                                                                            <\/div>\n                <\/li>\n                                            <li class=\"elementor-repeater-item-5daf535\" data-social=\"linkedin\">\n                    <div class=\"linkedin\">\n                        \n                        <i aria-hidden=\"true\" class=\"icon icon-linkedin\"><\/i>                        \n                                                                                            <\/div>\n                <\/li>\n                                    <\/ul>\n        <\/div>\t\t\t\t<\/div>\n\t\t\t\t<\/div>\n\t\t\t\t<\/div>\n\t\t\t\t<\/div>\n\t\t\t\t<\/div>\n\t\t","protected":false},"excerpt":{"rendered":"<p>Cotizaciones de los contratos de formaci\u00f3n en alternancia para 2024 Publicada definitivamente el d\u00eda 28 de marzo la\u00a0Orden PJC\/281\/2024, de 27 de marzo, por la que se modifica la Orden PJC\/51\/2024, de 29 de enero\u00a0por la que se desarrollan las normas legales de cotizaci\u00f3n a la Seguridad Social, desempleo, protecci\u00f3n por cese de actividad, Fondo [&hellip;]<\/p>\n","protected":false},"author":1,"featured_media":0,"comment_status":"open","ping_status":"open","sticky":false,"template":"","format":"standard","meta":{"footnotes":""},"categories":[1],"tags":[],"class_list":["post-2675","post","type-post","status-publish","format-standard","hentry","category-sin-categoria"],"_links":{"self":[{"href":"https:\/\/abire.es\/nuevaweb\/wp-json\/wp\/v2\/posts\/2675","targetHints":{"allow":["GET"]}}],"collection":[{"href":"https:\/\/abire.es\/nuevaweb\/wp-json\/wp\/v2\/posts"}],"about":[{"href":"https:\/\/abire.es\/nuevaweb\/wp-json\/wp\/v2\/types\/post"}],"author":[{"embeddable":true,"href":"https:\/\/abire.es\/nuevaweb\/wp-json\/wp\/v2\/users\/1"}],"replies":[{"embeddable":true,"href":"https:\/\/abire.es\/nuevaweb\/wp-json\/wp\/v2\/comments?post=2675"}],"version-history":[{"count":8,"href":"https:\/\/abire.es\/nuevaweb\/wp-json\/wp\/v2\/posts\/2675\/revisions"}],"predecessor-version":[{"id":3226,"href":"https:\/\/abire.es\/nuevaweb\/wp-json\/wp\/v2\/posts\/2675\/revisions\/3226"}],"wp:attachment":[{"href":"https:\/\/abire.es\/nuevaweb\/wp-json\/wp\/v2\/media?parent=2675"}],"wp:term":[{"taxonomy":"category","embeddable":true,"href":"https:\/\/abire.es\/nuevaweb\/wp-json\/wp\/v2\/categories?post=2675"},{"taxonomy":"post_tag","embeddable":true,"href":"https:\/\/abire.es\/nuevaweb\/wp-json\/wp\/v2\/tags?post=2675"}],"curies":[{"name":"wp","href":"https:\/\/api.w.org\/{rel}","templated":true}]}}