{"id":2683,"date":"2025-04-03T11:43:57","date_gmt":"2025-04-03T09:43:57","guid":{"rendered":"https:\/\/abire.es\/nuevaweb\/?p=2683"},"modified":"2025-05-02T09:40:55","modified_gmt":"2025-05-02T07:40:55","slug":"nuevas-ocupaciones-para-el-contrato-de-formacion-en-alternancia","status":"publish","type":"post","link":"https:\/\/abire.es\/nuevaweb\/2025\/04\/03\/nuevas-ocupaciones-para-el-contrato-de-formacion-en-alternancia\/","title":{"rendered":"Nuevas ocupaciones para el contrato de formaci\u00f3n en alternancia"},"content":{"rendered":"\t\t<div data-elementor-type=\"wp-post\" data-elementor-id=\"2683\" class=\"elementor elementor-2683\" data-elementor-post-type=\"post\">\n\t\t\t\t<div class=\"elementor-element elementor-element-53cc589 e-flex e-con-boxed e-con e-parent\" data-id=\"53cc589\" data-element_type=\"container\">\n\t\t\t\t\t<div class=\"e-con-inner\">\n\t\t\t\t<div class=\"elementor-element elementor-element-560d4e7 elementor-widget elementor-widget-heading\" data-id=\"560d4e7\" data-element_type=\"widget\" data-widget_type=\"heading.default\">\n\t\t\t\t<div class=\"elementor-widget-container\">\n\t\t\t\t\t<h1 class=\"elementor-heading-title elementor-size-default\">Nuevas ocupaciones para el contrato de <br>formaci\u00f3n en alternancia<\/h1>\t\t\t\t<\/div>\n\t\t\t\t<\/div>\n\t\t\t\t\t<\/div>\n\t\t\t\t<\/div>\n\t\t<div class=\"elementor-element elementor-element-162ab71 e-flex e-con-boxed e-con e-parent\" data-id=\"162ab71\" data-element_type=\"container\">\n\t\t\t\t\t<div class=\"e-con-inner\">\n\t\t\t\t<div class=\"elementor-element elementor-element-f0f7c65 elementor-widget elementor-widget-post-info\" data-id=\"f0f7c65\" data-element_type=\"widget\" data-widget_type=\"post-info.default\">\n\t\t\t\t<div class=\"elementor-widget-container\">\n\t\t\t\t\t\t\t<ul class=\"elementor-inline-items elementor-icon-list-items elementor-post-info\">\n\t\t\t\t\t\t\t\t<li class=\"elementor-icon-list-item elementor-repeater-item-84a0993 elementor-inline-item\" itemprop=\"datePublished\">\n\t\t\t\t\t\t<a href=\"https:\/\/abire.es\/nuevaweb\/2025\/04\/03\/\">\n\t\t\t\t\t\t\t\t\t\t\t<span class=\"elementor-icon-list-icon\">\n\t\t\t\t\t\t\t\t<svg aria-hidden=\"true\" class=\"e-font-icon-svg e-fas-calendar\" viewBox=\"0 0 448 512\" xmlns=\"http:\/\/www.w3.org\/2000\/svg\"><path d=\"M12 192h424c6.6 0 12 5.4 12 12v260c0 26.5-21.5 48-48 48H48c-26.5 0-48-21.5-48-48V204c0-6.6 5.4-12 12-12zm436-44v-36c0-26.5-21.5-48-48-48h-48V12c0-6.6-5.4-12-12-12h-40c-6.6 0-12 5.4-12 12v52H160V12c0-6.6-5.4-12-12-12h-40c-6.6 0-12 5.4-12 12v52H48C21.5 64 0 85.5 0 112v36c0 6.6 5.4 12 12 12h424c6.6 0 12-5.4 12-12z\"><\/path><\/svg>\t\t\t\t\t\t\t<\/span>\n\t\t\t\t\t\t\t\t\t<span class=\"elementor-icon-list-text elementor-post-info__item elementor-post-info__item--type-date\">\n\t\t\t\t\t\t\t\t\t\t<time>15\/02\/2024<\/time>\t\t\t\t\t<\/span>\n\t\t\t\t\t\t\t\t\t<\/a>\n\t\t\t\t<\/li>\n\t\t\t\t<\/ul>\n\t\t\t\t\t\t<\/div>\n\t\t\t\t<\/div>\n\t\t\t\t\t<\/div>\n\t\t\t\t<\/div>\n\t\t<div class=\"elementor-element elementor-element-c40bbca e-flex e-con-boxed e-con e-parent\" data-id=\"c40bbca\" data-element_type=\"container\">\n\t\t\t\t\t<div class=\"e-con-inner\">\n\t\t<div class=\"elementor-element elementor-element-6b68cb9 e-con-full e-flex elementor-invisible e-con e-child\" data-id=\"6b68cb9\" data-element_type=\"container\" data-settings=\"{&quot;animation&quot;:&quot;fadeIn&quot;,&quot;animation_delay&quot;:200}\">\n\t\t<div class=\"elementor-element elementor-element-18fc896 e-con-full e-flex e-con e-child\" data-id=\"18fc896\" data-element_type=\"container\">\n\t\t<div class=\"elementor-element elementor-element-3a73fc9 e-con-full e-flex e-con e-child\" data-id=\"3a73fc9\" data-element_type=\"container\">\n\t\t\t\t<div class=\"elementor-element elementor-element-26a5980 elementor-widget elementor-widget-text-editor\" data-id=\"26a5980\" data-element_type=\"widget\" data-widget_type=\"text-editor.default\">\n\t\t\t\t<div class=\"elementor-widget-container\">\n\t\t\t\t\t\t\t\t\t<p>Es el momento de considerar la posibilidad de realizar <b>nuevas contrataciones<\/b>. Para ello, conviene que las empresas anticipen la contrataci\u00f3n de personas j\u00f3venes para reforzar sus plantillas y dispongan de personal formado y altamente cualificado para afrontar con solvencia las necesidades de las organizaciones.<\/p><p>Los <b>contratos de formaci\u00f3n en alternancia<\/b> se posicionan como la <b>alternativa m\u00e1s econ\u00f3mica<\/b>, que ofrece ventajas \u00fanicas tanto a las empresas como a las personas trabajadoras. Estos contratos no s\u00f3lo brindan a las personas j\u00f3venes la oportunidad de aprender nuevas competencias y adquirir experiencia laboral, mediante la alternancia del trabajo efectivo con la actividad formativa, sino que tambi\u00e9n ofrecen considerables ventajas a las empresas en materia de <a style=\"font-weight: bold; text-decoration-line: underline;\" href=\"https:\/\/abire.es\/2023\/07\/20\/sistema-de-bonificaciones-y-reducciones-del-contrato-de-formacion\/\">bonificaciones<\/a> <b>en las cuotas a la seguridad social<\/b>, bonificaci\u00f3n de la formaci\u00f3n realizada por la persona trabajadora y por el desempe\u00f1o de las funciones de tutor\u00eda de empresa. Al mismo tiempo, la actividad formativa que desarrolla la persona trabajadora se realiza a medida, mediante la confecci\u00f3n de un<b> programa formativo adaptado<\/b>.<\/p><p>\u00a0<\/p>\t\t\t\t\t\t\t\t<\/div>\n\t\t\t\t<\/div>\n\t\t\t\t<\/div>\n\t\t\t\t<\/div>\n\t\t\t\t<\/div>\n\t\t\t\t\t<\/div>\n\t\t\t\t<\/div>\n\t\t<div class=\"elementor-element elementor-element-a72e1b9 e-flex e-con-boxed e-con e-parent\" data-id=\"a72e1b9\" data-element_type=\"container\">\n\t\t\t\t\t<div class=\"e-con-inner\">\n\t\t\t\t<div class=\"elementor-element elementor-element-3460e5b elementor-widget elementor-widget-image\" data-id=\"3460e5b\" data-element_type=\"widget\" data-widget_type=\"image.default\">\n\t\t\t\t<div class=\"elementor-widget-container\">\n\t\t\t\t\t\t\t\t\t\t\t\t\t\t\t<img fetchpriority=\"high\" decoding=\"async\" width=\"768\" height=\"543\" src=\"https:\/\/abire.es\/nuevaweb\/wp-content\/uploads\/2025\/04\/Imagenes-Web-37-768x543.jpg\" class=\"attachment-medium_large size-medium_large wp-image-2685\" alt=\"Nuevas ocupaciones para el contrato de formaci\u00f3n en alternancia\" srcset=\"https:\/\/abire.es\/nuevaweb\/wp-content\/uploads\/2025\/04\/Imagenes-Web-37-768x543.jpg 768w, https:\/\/abire.es\/nuevaweb\/wp-content\/uploads\/2025\/04\/Imagenes-Web-37-300x212.jpg 300w, https:\/\/abire.es\/nuevaweb\/wp-content\/uploads\/2025\/04\/Imagenes-Web-37-1024x724.jpg 1024w, https:\/\/abire.es\/nuevaweb\/wp-content\/uploads\/2025\/04\/Imagenes-Web-37-1536x1086.jpg 1536w, https:\/\/abire.es\/nuevaweb\/wp-content\/uploads\/2025\/04\/Imagenes-Web-37.jpg 2000w\" sizes=\"(max-width: 768px) 100vw, 768px\" \/>\t\t\t\t\t\t\t\t\t\t\t\t\t\t\t<\/div>\n\t\t\t\t<\/div>\n\t\t\t\t\t<\/div>\n\t\t\t\t<\/div>\n\t\t<div class=\"elementor-element elementor-element-c40c2ac e-flex e-con-boxed e-con e-parent\" data-id=\"c40c2ac\" data-element_type=\"container\">\n\t\t\t\t\t<div class=\"e-con-inner\">\n\t\t<div class=\"elementor-element elementor-element-a0147cd e-con-full e-flex elementor-invisible e-con e-child\" data-id=\"a0147cd\" data-element_type=\"container\" data-settings=\"{&quot;animation&quot;:&quot;fadeIn&quot;,&quot;animation_delay&quot;:200}\">\n\t\t<div class=\"elementor-element elementor-element-45d1c84 e-con-full e-flex e-con e-child\" data-id=\"45d1c84\" data-element_type=\"container\">\n\t\t<div class=\"elementor-element elementor-element-1389c3e e-con-full e-flex e-con e-child\" data-id=\"1389c3e\" data-element_type=\"container\">\n\t\t\t\t<div class=\"elementor-element elementor-element-2eaad0f elementor-widget elementor-widget-heading\" data-id=\"2eaad0f\" data-element_type=\"widget\" data-widget_type=\"heading.default\">\n\t\t\t\t<div class=\"elementor-widget-container\">\n\t\t\t\t\t<h3 class=\"elementor-heading-title elementor-size-default\">Ampliando oportunidades con nuestro cat\u00e1logo de ocupaciones<\/h3>\t\t\t\t<\/div>\n\t\t\t\t<\/div>\n\t\t\t\t<\/div>\n\t\t\t\t<\/div>\n\t\t\t\t<\/div>\n\t\t\t\t\t<\/div>\n\t\t\t\t<\/div>\n\t\t<div class=\"elementor-element elementor-element-591e356 e-flex e-con-boxed e-con e-parent\" data-id=\"591e356\" data-element_type=\"container\">\n\t\t\t\t\t<div class=\"e-con-inner\">\n\t\t<div class=\"elementor-element elementor-element-c4e071c e-con-full e-flex elementor-invisible e-con e-child\" data-id=\"c4e071c\" data-element_type=\"container\" data-settings=\"{&quot;animation&quot;:&quot;fadeIn&quot;,&quot;animation_delay&quot;:200}\">\n\t\t<div class=\"elementor-element elementor-element-18e03f0 e-con-full e-flex e-con e-child\" data-id=\"18e03f0\" data-element_type=\"container\">\n\t\t<div class=\"elementor-element elementor-element-4abbc8d e-con-full e-flex e-con e-child\" data-id=\"4abbc8d\" data-element_type=\"container\">\n\t\t\t\t<div class=\"elementor-element elementor-element-6ac8f83 elementor-widget elementor-widget-text-editor\" data-id=\"6ac8f83\" data-element_type=\"widget\" data-widget_type=\"text-editor.default\">\n\t\t\t\t<div class=\"elementor-widget-container\">\n\t\t\t\t\t\t\t\t\t<p>Desde Abire hemos a\u00f1adido una serie de ocupaciones que se han elegido en funci\u00f3n de las tendencias y an\u00e1lisis del mercado, <b>garantizando que reflejen las demandas actuales <\/b>de las empresas y ofrezcan oportunidades tanto a las personas\u00a0 demandantes de empleo como a las empresas, en sectores como la\u00a0 <strong><i>Seguridad y Gesti\u00f3n medioambiental, Delineaci\u00f3n, Sistemas de comunicaci\u00f3n y telecomunicaciones,\u00a0<\/i><\/strong><span style=\"background-color: var(--ast-global-color-5);\"><b><i>Comercio (helader\u00eda) y Almac\u00e9n de la industria alimentaria.\u00a0 \u00a0 \u00a0 \u00a0 \u00a0 \u00a0 \u00a0 \u00a0 \u00a0 \u00a0 \u00a0 \u00a0<\/i><\/b><\/span><\/p><p>Las empresas que buscan la incorporaci\u00f3n de nuevos talentos tienen a su alcance <b>aprovechar la oportunidad<\/b> para cualificar a su personal con tiempo suficiente y disponer de una plantilla altamente cualificada cuando sea necesario, mediante la formalizaci\u00f3n de un contrato para la formaci\u00f3n en alternancia.<\/p>\t\t\t\t\t\t\t\t<\/div>\n\t\t\t\t<\/div>\n\t\t\t\t<\/div>\n\t\t\t\t<\/div>\n\t\t\t\t<\/div>\n\t\t\t\t\t<\/div>\n\t\t\t\t<\/div>\n\t\t<div class=\"elementor-element elementor-element-423b1f5 e-con-full e-flex e-con e-child\" data-id=\"423b1f5\" data-element_type=\"container\">\n\t\t<div class=\"elementor-element elementor-element-f9567ec e-con-full e-flex e-con e-child\" data-id=\"f9567ec\" data-element_type=\"container\">\n\t\t\t\t<div class=\"elementor-element elementor-element-fa64288 elementor-widget__width-auto elementor-widget-mobile__width-inherit elementor-widget elementor-widget-text-editor\" data-id=\"fa64288\" data-element_type=\"widget\" data-widget_type=\"text-editor.default\">\n\t\t\t\t<div class=\"elementor-widget-container\">\n\t\t\t\t\t\t\t\t\t<p>Share :<\/p>\t\t\t\t\t\t\t\t<\/div>\n\t\t\t\t<\/div>\n\t\t\t\t<div class=\"elementor-element elementor-element-f105c7e elementor-widget__width-auto elementor-widget-mobile__width-inherit elementor-widget elementor-widget-elementskit-social-share\" data-id=\"f105c7e\" data-element_type=\"widget\" data-widget_type=\"elementskit-social-share.default\">\n\t\t\t\t<div class=\"elementor-widget-container\">\n\t\t\t\t\t<div class=\"ekit-wid-con\" >\t\t<ul class=\"ekit_socialshare\">\n                            <li class=\"elementor-repeater-item-a14f26e\" data-social=\"facebook\">\n                    <div class=\"facebook\">\n                        \n                        <i aria-hidden=\"true\" class=\"icon icon-facebook\"><\/i>                        \n                                                                                            <\/div>\n                <\/li>\n                                            <li class=\"elementor-repeater-item-55ea23a\" data-social=\"twitter\">\n                    <div class=\"twitter\">\n                        \n                        <svg xmlns=\"http:\/\/www.w3.org\/2000\/svg\" data-name=\"Google alt\" id=\"Google_alt\" viewBox=\"0 0 420 419.997\"><title><\/title><path d=\"M388.818,146.28a24.3,24.3,0,1,1-24.295-24.295A24.3,24.3,0,0,1,388.818,146.28ZM466,256l-0.005.306-1.38,88.105a121.58,121.58,0,0,1-120.2,120.2L256,466l-0.306-.006-88.105-1.376a121.586,121.586,0,0,1-120.206-120.2L46,256l0.006-.306,1.376-88.108a121.59,121.59,0,0,1,120.206-120.2L256,46l0.306,0.006,88.105,1.376a121.584,121.584,0,0,1,120.2,120.2Zm-39.112,0-1.374-87.8A82.654,82.654,0,0,0,343.8,86.485L256,85.114l-87.8,1.371A82.658,82.658,0,0,0,86.484,168.2L85.113,256l1.371,87.8A82.655,82.655,0,0,0,168.2,425.515l87.8,1.371,87.8-1.371A82.651,82.651,0,0,0,425.514,343.8Zm-63.048,0A107.841,107.841,0,1,1,256,148.159,107.962,107.962,0,0,1,363.84,256Zm-39.107,0A68.734,68.734,0,1,0,256,324.734,68.812,68.812,0,0,0,324.732,256Z\" transform=\"translate(-46 -46.001)\"><\/path><\/svg>                        \n                                                                                            <\/div>\n                <\/li>\n                                            <li class=\"elementor-repeater-item-5daf535\" data-social=\"linkedin\">\n                    <div class=\"linkedin\">\n                        \n                        <i aria-hidden=\"true\" class=\"icon icon-linkedin\"><\/i>                        \n                                                                                            <\/div>\n                <\/li>\n                                    <\/ul>\n        <\/div>\t\t\t\t<\/div>\n\t\t\t\t<\/div>\n\t\t\t\t<\/div>\n\t\t\t\t<\/div>\n\t\t\t\t<\/div>\n\t\t","protected":false},"excerpt":{"rendered":"<p>Nuevas ocupaciones para el contrato de formaci\u00f3n en alternancia Es el momento de considerar la posibilidad de realizar nuevas contrataciones. Para ello, conviene que las empresas anticipen la contrataci\u00f3n de personas j\u00f3venes para reforzar sus plantillas y dispongan de personal formado y altamente cualificado para afrontar con solvencia las necesidades de las organizaciones. Los contratos [&hellip;]<\/p>\n","protected":false},"author":1,"featured_media":0,"comment_status":"open","ping_status":"open","sticky":false,"template":"","format":"standard","meta":{"footnotes":""},"categories":[1],"tags":[],"class_list":["post-2683","post","type-post","status-publish","format-standard","hentry","category-sin-categoria"],"_links":{"self":[{"href":"https:\/\/abire.es\/nuevaweb\/wp-json\/wp\/v2\/posts\/2683","targetHints":{"allow":["GET"]}}],"collection":[{"href":"https:\/\/abire.es\/nuevaweb\/wp-json\/wp\/v2\/posts"}],"about":[{"href":"https:\/\/abire.es\/nuevaweb\/wp-json\/wp\/v2\/types\/post"}],"author":[{"embeddable":true,"href":"https:\/\/abire.es\/nuevaweb\/wp-json\/wp\/v2\/users\/1"}],"replies":[{"embeddable":true,"href":"https:\/\/abire.es\/nuevaweb\/wp-json\/wp\/v2\/comments?post=2683"}],"version-history":[{"count":8,"href":"https:\/\/abire.es\/nuevaweb\/wp-json\/wp\/v2\/posts\/2683\/revisions"}],"predecessor-version":[{"id":3223,"href":"https:\/\/abire.es\/nuevaweb\/wp-json\/wp\/v2\/posts\/2683\/revisions\/3223"}],"wp:attachment":[{"href":"https:\/\/abire.es\/nuevaweb\/wp-json\/wp\/v2\/media?parent=2683"}],"wp:term":[{"taxonomy":"category","embeddable":true,"href":"https:\/\/abire.es\/nuevaweb\/wp-json\/wp\/v2\/categories?post=2683"},{"taxonomy":"post_tag","embeddable":true,"href":"https:\/\/abire.es\/nuevaweb\/wp-json\/wp\/v2\/tags?post=2683"}],"curies":[{"name":"wp","href":"https:\/\/api.w.org\/{rel}","templated":true}]}}