{"id":2690,"date":"2025-04-03T11:54:18","date_gmt":"2025-04-03T09:54:18","guid":{"rendered":"https:\/\/abire.es\/nuevaweb\/?p=2690"},"modified":"2025-05-02T09:40:25","modified_gmt":"2025-05-02T07:40:25","slug":"objetivos-principales-del-proyecto-ley-de-familias","status":"publish","type":"post","link":"https:\/\/abire.es\/nuevaweb\/2025\/04\/03\/objetivos-principales-del-proyecto-ley-de-familias\/","title":{"rendered":"Objetivos principales del Proyecto Ley de Familias"},"content":{"rendered":"\t\t<div data-elementor-type=\"wp-post\" data-elementor-id=\"2690\" class=\"elementor elementor-2690\" data-elementor-post-type=\"post\">\n\t\t\t\t<div class=\"elementor-element elementor-element-ae58b1a e-flex e-con-boxed e-con e-parent\" data-id=\"ae58b1a\" data-element_type=\"container\">\n\t\t\t\t\t<div class=\"e-con-inner\">\n\t\t\t\t<div class=\"elementor-element elementor-element-df24aa5 elementor-widget elementor-widget-heading\" data-id=\"df24aa5\" data-element_type=\"widget\" data-widget_type=\"heading.default\">\n\t\t\t\t<div class=\"elementor-widget-container\">\n\t\t\t\t\t<h1 class=\"elementor-heading-title elementor-size-default\">3 objetivos principales del Proyecto <br>Ley de Familias<\/h1>\t\t\t\t<\/div>\n\t\t\t\t<\/div>\n\t\t\t\t\t<\/div>\n\t\t\t\t<\/div>\n\t\t<div class=\"elementor-element elementor-element-bb25ca6 e-flex e-con-boxed e-con e-parent\" data-id=\"bb25ca6\" data-element_type=\"container\">\n\t\t\t\t\t<div class=\"e-con-inner\">\n\t\t\t\t<div class=\"elementor-element elementor-element-1b0349e elementor-widget elementor-widget-post-info\" data-id=\"1b0349e\" data-element_type=\"widget\" data-widget_type=\"post-info.default\">\n\t\t\t\t<div class=\"elementor-widget-container\">\n\t\t\t\t\t\t\t<ul class=\"elementor-inline-items elementor-icon-list-items elementor-post-info\">\n\t\t\t\t\t\t\t\t<li class=\"elementor-icon-list-item elementor-repeater-item-84a0993 elementor-inline-item\" itemprop=\"datePublished\">\n\t\t\t\t\t\t<a href=\"https:\/\/abire.es\/nuevaweb\/2025\/04\/03\/\">\n\t\t\t\t\t\t\t\t\t\t\t<span class=\"elementor-icon-list-icon\">\n\t\t\t\t\t\t\t\t<svg aria-hidden=\"true\" class=\"e-font-icon-svg e-fas-calendar\" viewBox=\"0 0 448 512\" xmlns=\"http:\/\/www.w3.org\/2000\/svg\"><path d=\"M12 192h424c6.6 0 12 5.4 12 12v260c0 26.5-21.5 48-48 48H48c-26.5 0-48-21.5-48-48V204c0-6.6 5.4-12 12-12zm436-44v-36c0-26.5-21.5-48-48-48h-48V12c0-6.6-5.4-12-12-12h-40c-6.6 0-12 5.4-12 12v52H160V12c0-6.6-5.4-12-12-12h-40c-6.6 0-12 5.4-12 12v52H48C21.5 64 0 85.5 0 112v36c0 6.6 5.4 12 12 12h424c6.6 0 12-5.4 12-12z\"><\/path><\/svg>\t\t\t\t\t\t\t<\/span>\n\t\t\t\t\t\t\t\t\t<span class=\"elementor-icon-list-text elementor-post-info__item elementor-post-info__item--type-date\">\n\t\t\t\t\t\t\t\t\t\t<time>29\/02\/2024<\/time>\t\t\t\t\t<\/span>\n\t\t\t\t\t\t\t\t\t<\/a>\n\t\t\t\t<\/li>\n\t\t\t\t<\/ul>\n\t\t\t\t\t\t<\/div>\n\t\t\t\t<\/div>\n\t\t\t\t\t<\/div>\n\t\t\t\t<\/div>\n\t\t<div class=\"elementor-element elementor-element-7ee993d e-flex e-con-boxed e-con e-parent\" data-id=\"7ee993d\" data-element_type=\"container\">\n\t\t\t\t\t<div class=\"e-con-inner\">\n\t\t<div class=\"elementor-element elementor-element-24590ba e-con-full e-flex elementor-invisible e-con e-child\" data-id=\"24590ba\" data-element_type=\"container\" data-settings=\"{&quot;animation&quot;:&quot;fadeIn&quot;,&quot;animation_delay&quot;:200}\">\n\t\t<div class=\"elementor-element elementor-element-cc476f2 e-con-full e-flex e-con e-child\" data-id=\"cc476f2\" data-element_type=\"container\">\n\t\t<div class=\"elementor-element elementor-element-71a5253 e-con-full e-flex e-con e-child\" data-id=\"71a5253\" data-element_type=\"container\">\n\t\t\t\t<div class=\"elementor-element elementor-element-2ba6a32 elementor-widget elementor-widget-text-editor\" data-id=\"2ba6a32\" data-element_type=\"widget\" data-widget_type=\"text-editor.default\">\n\t\t\t\t<div class=\"elementor-widget-container\">\n\t\t\t\t\t\t\t\t\t<p>Se aprueba en el Consejo de Ministros de 27 de febrero de 2024 el Proyecto Ley de Familias.<\/p><p>Los <b>tres objetivos principales<\/b> son:<\/p><p>\u00a0 \u00a0 <b>\u2022 Reconocer las diferentes situaciones familiares que existen en Espa\u00f1a.<\/b><\/p><p><b>\u00a0 \u00a0 \u2022 Mejorar la protecci\u00f3n social de las familias.<\/b><\/p><p><b>\u00a0 \u00a0 \u2022 Garantizar el derecho a conciliar la vida familiar con la laboral.<\/b><\/p><p>La norma va a establecer un marco para que las diferentes administraciones de nuestro pa\u00eds puedan implementar pol\u00edticas de apoyo a las familias y, asimismo, ofrecer un <b>soporte para ampliar derechos<\/b>, tanto por la v\u00eda de enmiendas parlamentarias, como en la negociaci\u00f3n de los Presupuestos Generales del Estado, dadas las dificultades actuales en Espa\u00f1a para formar una familia, tanto en t\u00e9rminos econ\u00f3micos, como de conciliaci\u00f3n.<\/p><p>La infrafinanciaci\u00f3n de las pol\u00edticas de protecci\u00f3n social a las familias tras los recortes llevados a cabo la pasada d\u00e9cada supone una <b>mayor carga de trabajo no remunerado sobre las mujeres<\/b>, por lo que otro objetivo importante de la ley es ayudar a reducir esta brecha de g\u00e9nero, cuyas consecuencias tienen cada vez un mayor impacto en nuestra sociedad:<i> Espa\u00f1a es el pa\u00eds de la Uni\u00f3n Europea con mayor n\u00famero de mujeres que se ven obligadas a postergar la decisi\u00f3n de tener hijos hasta pasados los 40 a\u00f1os.<\/i><\/p><p>\u00a0<\/p>\t\t\t\t\t\t\t\t<\/div>\n\t\t\t\t<\/div>\n\t\t\t\t<\/div>\n\t\t\t\t<\/div>\n\t\t\t\t<\/div>\n\t\t\t\t\t<\/div>\n\t\t\t\t<\/div>\n\t\t<div class=\"elementor-element elementor-element-db9eef4 e-flex e-con-boxed e-con e-parent\" data-id=\"db9eef4\" data-element_type=\"container\">\n\t\t\t\t\t<div class=\"e-con-inner\">\n\t\t\t\t<div class=\"elementor-element elementor-element-3dd74b6 elementor-widget elementor-widget-image\" data-id=\"3dd74b6\" data-element_type=\"widget\" data-widget_type=\"image.default\">\n\t\t\t\t<div class=\"elementor-widget-container\">\n\t\t\t\t\t\t\t\t\t\t\t\t\t\t\t<img fetchpriority=\"high\" decoding=\"async\" width=\"768\" height=\"543\" src=\"https:\/\/abire.es\/nuevaweb\/wp-content\/uploads\/2025\/04\/Imagenes-Web-45-768x543.jpg\" class=\"attachment-medium_large size-medium_large wp-image-2693\" alt=\"Objetivos principales del Proyecto Ley de Familias\" srcset=\"https:\/\/abire.es\/nuevaweb\/wp-content\/uploads\/2025\/04\/Imagenes-Web-45-768x543.jpg 768w, https:\/\/abire.es\/nuevaweb\/wp-content\/uploads\/2025\/04\/Imagenes-Web-45-300x212.jpg 300w, https:\/\/abire.es\/nuevaweb\/wp-content\/uploads\/2025\/04\/Imagenes-Web-45-1024x724.jpg 1024w, https:\/\/abire.es\/nuevaweb\/wp-content\/uploads\/2025\/04\/Imagenes-Web-45-1536x1086.jpg 1536w, https:\/\/abire.es\/nuevaweb\/wp-content\/uploads\/2025\/04\/Imagenes-Web-45.jpg 2000w\" sizes=\"(max-width: 768px) 100vw, 768px\" \/>\t\t\t\t\t\t\t\t\t\t\t\t\t\t\t<\/div>\n\t\t\t\t<\/div>\n\t\t\t\t\t<\/div>\n\t\t\t\t<\/div>\n\t\t<div class=\"elementor-element elementor-element-b5d589e e-flex e-con-boxed e-con e-parent\" data-id=\"b5d589e\" data-element_type=\"container\">\n\t\t\t\t\t<div class=\"e-con-inner\">\n\t\t<div class=\"elementor-element elementor-element-43d3759 e-con-full e-flex elementor-invisible e-con e-child\" data-id=\"43d3759\" data-element_type=\"container\" data-settings=\"{&quot;animation&quot;:&quot;fadeIn&quot;,&quot;animation_delay&quot;:200}\">\n\t\t<div class=\"elementor-element elementor-element-0e29b7f e-con-full e-flex e-con e-child\" data-id=\"0e29b7f\" data-element_type=\"container\">\n\t\t<div class=\"elementor-element elementor-element-5e91302 e-con-full e-flex e-con e-child\" data-id=\"5e91302\" data-element_type=\"container\">\n\t\t\t\t<div class=\"elementor-element elementor-element-24f50ae elementor-widget elementor-widget-heading\" data-id=\"24f50ae\" data-element_type=\"widget\" data-widget_type=\"heading.default\">\n\t\t\t\t<div class=\"elementor-widget-container\">\n\t\t\t\t\t<h3 class=\"elementor-heading-title elementor-size-default\">Medidas espec\u00edficas que se incluyen en el Proyecto Ley de Familias<\/h3>\t\t\t\t<\/div>\n\t\t\t\t<\/div>\n\t\t\t\t<\/div>\n\t\t\t\t<\/div>\n\t\t\t\t<\/div>\n\t\t\t\t\t<\/div>\n\t\t\t\t<\/div>\n\t\t<div class=\"elementor-element elementor-element-fc371d8 e-flex e-con-boxed e-con e-parent\" data-id=\"fc371d8\" data-element_type=\"container\">\n\t\t\t\t\t<div class=\"e-con-inner\">\n\t\t<div class=\"elementor-element elementor-element-24aae3b e-con-full e-flex elementor-invisible e-con e-child\" data-id=\"24aae3b\" data-element_type=\"container\" data-settings=\"{&quot;animation&quot;:&quot;fadeIn&quot;,&quot;animation_delay&quot;:200}\">\n\t\t<div class=\"elementor-element elementor-element-70bc9b5 e-con-full e-flex e-con e-child\" data-id=\"70bc9b5\" data-element_type=\"container\">\n\t\t<div class=\"elementor-element elementor-element-2a039af e-con-full e-flex e-con e-child\" data-id=\"2a039af\" data-element_type=\"container\">\n\t\t\t\t<div class=\"elementor-element elementor-element-35eaa0d elementor-widget elementor-widget-text-editor\" data-id=\"35eaa0d\" data-element_type=\"widget\" data-widget_type=\"text-editor.default\">\n\t\t\t\t<div class=\"elementor-widget-container\">\n\t\t\t\t\t\t\t\t\t<ul><li><b>Prestaci\u00f3n por crianza.<\/b> La ley reconoce una asignaci\u00f3n por crianza de 100 euros mensuales para familias con hijos e hijas de cero a tres a\u00f1os.<\/li><li><b>Protecci\u00f3n a las familias monoparentales.<\/b> Las familias con una sola persona progenitora (8 de cada 10 son mujeres) dispondr\u00e1n de un t\u00edtulo de acreditaci\u00f3n oficial de familia monoparental. Este t\u00edtulo se tendr\u00e1 en cuenta para el acceso preferente a distintos servicios p\u00fablicos, y, en particular, va a ofrecer la posibilidad de que tengan 16 semanas de educaci\u00f3n infantil de forma gratuita dentro de los primeros 24 meses de vida del hijo o la hija. Adem\u00e1s, se equiparar\u00e1n los derechos de las familias monoparentales con dos hijos a los de las familias numerosas.<\/li><li><b>Protecci\u00f3n a las familias numerosas.<\/b> Se reconocer\u00e1n como familias numerosas de categor\u00eda especial todas aquellas con cuatro o m\u00e1s hijos o hijas (anteriormente reconocidas a partir de los cinco) o con tres en caso de parto m\u00faltiple (anteriormente a partir de los cuatro). Se reducen tambi\u00e9n a tres, cuando sus ingresos anuales, divididos por el n\u00famero especial de sus miembros, no superen el 150% del IPREM vigente. Otra novedad es que, en caso de en caso de separaciones o divorcios con custodia compartida, el t\u00edtulo de familia numerosa lo podr\u00e1n ostentar ambos progenitores, para que ambos puedan acogerse a sus beneficios.<\/li><li><b>Protecci\u00f3n a las familias migrantes.<\/b> En las situaciones familiares en las que alguno de sus miembros proceda de otro Estado o territorio y no tenga regularizada su situaci\u00f3n administrativa, la ley garantizar\u00e1 un NIE para ni\u00f1os y ni\u00f1as cuyos progenitores est\u00e9n en situaci\u00f3n irregular.<\/li><\/ul><p>Protecci\u00f3n a familias con personas con discapacidad. Se equiparar\u00e1n los derechos de las familias numerosas a aquellas familias que tengan un ascendiente con un grado de discapacidad igual o superior al 33% (frente al 65% actual). Y en familias con menores de edad con discapacidad, las administraciones competentes estar\u00e1n obligadas por ley a asegurar la atenci\u00f3n temprana y a facilitar los apoyos educativos necesarios.<\/p><ul><li><b>M\u00e1s derechos para las parejas de hecho.<\/b> Los derechos de las parejas de hecho se equiparar\u00e1n a los de los matrimonios en varios puntos:<ul><li>Tendr\u00e1n derecho a pensi\u00f3n de viudedad (similar a la del matrimonio) y al complemento a m\u00ednimos de las pensiones.<\/li><li>Podr\u00e1n acceder al Fondo de Garant\u00eda de Pago de Alimentos para los hijos e hijas a cargo en caso de disoluci\u00f3n de la pareja.<\/li><li>Se crear un Registro Estatal de Parejas de Hecho centralizado para las parejas registradas a nivel auton\u00f3mico.<\/li><\/ul><\/li><li><b>Fondo de Garant\u00eda de Alimentos:<\/b> Se ampliar\u00e1 el umbral de acceso al Fondo de Garant\u00eda de Pago de Alimentos, as\u00ed como la cuant\u00eda, que podr\u00e1 alcanzar los 500 euros mensuales (frente a los 100 actuales).<\/li><\/ul><div>\u00a0<\/div><p>En conclusi\u00f3n, el Proyecto de Ley\u00a0 busca adecuar el ordenamiento jur\u00eddico espa\u00f1ol a las transformaciones demogr\u00e1ficas y sociales que se han producido en las \u00faltimas d\u00e9cadas, en las que las familias espa\u00f1olas han experimentado muchos cambios en su tama\u00f1o y en su composici\u00f3n, en l\u00ednea con el art\u00edculo 39 de la Constituci\u00f3n Espa\u00f1ola, que insta a los poderes p\u00fablicos a asegurar la protecci\u00f3n social, econ\u00f3mica y jur\u00eddica de las familias. Este proyecto tambi\u00e9n se alinea con el deber de protecci\u00f3n de las familias recogido en numerosos tratados internacionales y europeos.<\/p><p><i>Fuente: <u><a href=\"https:\/\/www.mdsocialesa2030.gob.es\/comunicacion\/noticias\/derechos-sociales\/20240228-ley-de-familias.htm\"><b>Referencias del Consejo de Ministros de 27\/02\/2024.<\/b><\/a><\/u><\/i><\/p>\t\t\t\t\t\t\t\t<\/div>\n\t\t\t\t<\/div>\n\t\t\t\t<\/div>\n\t\t\t\t<\/div>\n\t\t\t\t<\/div>\n\t\t\t\t\t<\/div>\n\t\t\t\t<\/div>\n\t\t<div class=\"elementor-element elementor-element-5210ee0 e-con-full e-flex e-con e-child\" data-id=\"5210ee0\" data-element_type=\"container\">\n\t\t<div class=\"elementor-element elementor-element-9ef1a0b e-con-full e-flex e-con e-child\" data-id=\"9ef1a0b\" data-element_type=\"container\">\n\t\t\t\t<div class=\"elementor-element elementor-element-cf80100 elementor-widget__width-auto elementor-widget-mobile__width-inherit elementor-widget elementor-widget-text-editor\" data-id=\"cf80100\" data-element_type=\"widget\" data-widget_type=\"text-editor.default\">\n\t\t\t\t<div class=\"elementor-widget-container\">\n\t\t\t\t\t\t\t\t\t<p>Share :<\/p>\t\t\t\t\t\t\t\t<\/div>\n\t\t\t\t<\/div>\n\t\t\t\t<div class=\"elementor-element elementor-element-a67b81e elementor-widget__width-auto elementor-widget-mobile__width-inherit elementor-widget elementor-widget-elementskit-social-share\" data-id=\"a67b81e\" data-element_type=\"widget\" data-widget_type=\"elementskit-social-share.default\">\n\t\t\t\t<div class=\"elementor-widget-container\">\n\t\t\t\t\t<div class=\"ekit-wid-con\" >\t\t<ul class=\"ekit_socialshare\">\n                            <li class=\"elementor-repeater-item-a14f26e\" data-social=\"facebook\">\n                    <div class=\"facebook\">\n                        \n                        <i aria-hidden=\"true\" class=\"icon icon-facebook\"><\/i>                        \n                                                                                            <\/div>\n                <\/li>\n                                            <li class=\"elementor-repeater-item-55ea23a\" data-social=\"twitter\">\n                    <div class=\"twitter\">\n                        \n                        <svg xmlns=\"http:\/\/www.w3.org\/2000\/svg\" data-name=\"Google alt\" id=\"Google_alt\" viewBox=\"0 0 420 419.997\"><title><\/title><path d=\"M388.818,146.28a24.3,24.3,0,1,1-24.295-24.295A24.3,24.3,0,0,1,388.818,146.28ZM466,256l-0.005.306-1.38,88.105a121.58,121.58,0,0,1-120.2,120.2L256,466l-0.306-.006-88.105-1.376a121.586,121.586,0,0,1-120.206-120.2L46,256l0.006-.306,1.376-88.108a121.59,121.59,0,0,1,120.206-120.2L256,46l0.306,0.006,88.105,1.376a121.584,121.584,0,0,1,120.2,120.2Zm-39.112,0-1.374-87.8A82.654,82.654,0,0,0,343.8,86.485L256,85.114l-87.8,1.371A82.658,82.658,0,0,0,86.484,168.2L85.113,256l1.371,87.8A82.655,82.655,0,0,0,168.2,425.515l87.8,1.371,87.8-1.371A82.651,82.651,0,0,0,425.514,343.8Zm-63.048,0A107.841,107.841,0,1,1,256,148.159,107.962,107.962,0,0,1,363.84,256Zm-39.107,0A68.734,68.734,0,1,0,256,324.734,68.812,68.812,0,0,0,324.732,256Z\" transform=\"translate(-46 -46.001)\"><\/path><\/svg>                        \n                                                                                            <\/div>\n                <\/li>\n                                            <li class=\"elementor-repeater-item-5daf535\" data-social=\"linkedin\">\n                    <div class=\"linkedin\">\n                        \n                        <i aria-hidden=\"true\" class=\"icon icon-linkedin\"><\/i>                        \n                                                                                            <\/div>\n                <\/li>\n                                    <\/ul>\n        <\/div>\t\t\t\t<\/div>\n\t\t\t\t<\/div>\n\t\t\t\t<\/div>\n\t\t\t\t<\/div>\n\t\t\t\t<\/div>\n\t\t","protected":false},"excerpt":{"rendered":"<p>3 objetivos principales del Proyecto Ley de Familias Se aprueba en el Consejo de Ministros de 27 de febrero de 2024 el Proyecto Ley de Familias. Los tres objetivos principales son: \u00a0 \u00a0 \u2022 Reconocer las diferentes situaciones familiares que existen en Espa\u00f1a. \u00a0 \u00a0 \u2022 Mejorar la protecci\u00f3n social de las familias. \u00a0 \u00a0 [&hellip;]<\/p>\n","protected":false},"author":1,"featured_media":0,"comment_status":"open","ping_status":"open","sticky":false,"template":"","format":"standard","meta":{"footnotes":""},"categories":[1],"tags":[],"class_list":["post-2690","post","type-post","status-publish","format-standard","hentry","category-sin-categoria"],"_links":{"self":[{"href":"https:\/\/abire.es\/nuevaweb\/wp-json\/wp\/v2\/posts\/2690","targetHints":{"allow":["GET"]}}],"collection":[{"href":"https:\/\/abire.es\/nuevaweb\/wp-json\/wp\/v2\/posts"}],"about":[{"href":"https:\/\/abire.es\/nuevaweb\/wp-json\/wp\/v2\/types\/post"}],"author":[{"embeddable":true,"href":"https:\/\/abire.es\/nuevaweb\/wp-json\/wp\/v2\/users\/1"}],"replies":[{"embeddable":true,"href":"https:\/\/abire.es\/nuevaweb\/wp-json\/wp\/v2\/comments?post=2690"}],"version-history":[{"count":9,"href":"https:\/\/abire.es\/nuevaweb\/wp-json\/wp\/v2\/posts\/2690\/revisions"}],"predecessor-version":[{"id":3220,"href":"https:\/\/abire.es\/nuevaweb\/wp-json\/wp\/v2\/posts\/2690\/revisions\/3220"}],"wp:attachment":[{"href":"https:\/\/abire.es\/nuevaweb\/wp-json\/wp\/v2\/media?parent=2690"}],"wp:term":[{"taxonomy":"category","embeddable":true,"href":"https:\/\/abire.es\/nuevaweb\/wp-json\/wp\/v2\/categories?post=2690"},{"taxonomy":"post_tag","embeddable":true,"href":"https:\/\/abire.es\/nuevaweb\/wp-json\/wp\/v2\/tags?post=2690"}],"curies":[{"name":"wp","href":"https:\/\/api.w.org\/{rel}","templated":true}]}}