{"id":3664,"date":"2025-09-12T12:25:51","date_gmt":"2025-09-12T10:25:51","guid":{"rendered":"https:\/\/abire.es\/nuevaweb\/?p=3664"},"modified":"2025-09-17T12:33:14","modified_gmt":"2025-09-17T10:33:14","slug":"la_inspeccion_de_trabajo_se_transforma","status":"publish","type":"post","link":"https:\/\/abire.es\/nuevaweb\/2025\/09\/12\/la_inspeccion_de_trabajo_se_transforma\/","title":{"rendered":"La Inspecci\u00f3n de Trabajo se transforma: claves del plan 2025-2027"},"content":{"rendered":"\t\t<div data-elementor-type=\"wp-post\" data-elementor-id=\"3664\" class=\"elementor elementor-3664\" data-elementor-post-type=\"post\">\n\t\t\t\t<div class=\"elementor-element elementor-element-26abd64 e-flex e-con-boxed e-con e-parent\" data-id=\"26abd64\" data-element_type=\"container\">\n\t\t\t\t\t<div class=\"e-con-inner\">\n\t\t\t\t<div class=\"elementor-element elementor-element-3f677ce elementor-widget elementor-widget-heading\" data-id=\"3f677ce\" data-element_type=\"widget\" data-widget_type=\"heading.default\">\n\t\t\t\t<div class=\"elementor-widget-container\">\n\t\t\t\t\t<h1 class=\"elementor-heading-title elementor-size-default\">La Inspecci\u00f3n de Trabajo se transforma: claves del plan 2025-2027\n<\/h1>\t\t\t\t<\/div>\n\t\t\t\t<\/div>\n\t\t\t\t\t<\/div>\n\t\t\t\t<\/div>\n\t\t<div class=\"elementor-element elementor-element-a862bb3 e-flex e-con-boxed e-con e-parent\" data-id=\"a862bb3\" data-element_type=\"container\">\n\t\t\t\t\t<div class=\"e-con-inner\">\n\t\t\t\t<div class=\"elementor-element elementor-element-e50a548 elementor-widget elementor-widget-post-info\" data-id=\"e50a548\" data-element_type=\"widget\" data-widget_type=\"post-info.default\">\n\t\t\t\t<div class=\"elementor-widget-container\">\n\t\t\t\t\t\t\t<ul class=\"elementor-inline-items elementor-icon-list-items elementor-post-info\">\n\t\t\t\t\t\t\t\t<li class=\"elementor-icon-list-item elementor-repeater-item-84a0993 elementor-inline-item\" itemprop=\"datePublished\">\n\t\t\t\t\t\t<a href=\"https:\/\/abire.es\/nuevaweb\/2025\/09\/12\/\">\n\t\t\t\t\t\t\t\t\t\t\t<span class=\"elementor-icon-list-icon\">\n\t\t\t\t\t\t\t\t<svg aria-hidden=\"true\" class=\"e-font-icon-svg e-fas-calendar\" viewBox=\"0 0 448 512\" xmlns=\"http:\/\/www.w3.org\/2000\/svg\"><path d=\"M12 192h424c6.6 0 12 5.4 12 12v260c0 26.5-21.5 48-48 48H48c-26.5 0-48-21.5-48-48V204c0-6.6 5.4-12 12-12zm436-44v-36c0-26.5-21.5-48-48-48h-48V12c0-6.6-5.4-12-12-12h-40c-6.6 0-12 5.4-12 12v52H160V12c0-6.6-5.4-12-12-12h-40c-6.6 0-12 5.4-12 12v52H48C21.5 64 0 85.5 0 112v36c0 6.6 5.4 12 12 12h424c6.6 0 12-5.4 12-12z\"><\/path><\/svg>\t\t\t\t\t\t\t<\/span>\n\t\t\t\t\t\t\t\t\t<span class=\"elementor-icon-list-text elementor-post-info__item elementor-post-info__item--type-date\">\n\t\t\t\t\t\t\t\t\t\t<time>12\/09\/2025<\/time>\t\t\t\t\t<\/span>\n\t\t\t\t\t\t\t\t\t<\/a>\n\t\t\t\t<\/li>\n\t\t\t\t<\/ul>\n\t\t\t\t\t\t<\/div>\n\t\t\t\t<\/div>\n\t\t\t\t\t<\/div>\n\t\t\t\t<\/div>\n\t\t<div class=\"elementor-element elementor-element-42d59db e-flex e-con-boxed e-con e-parent\" data-id=\"42d59db\" data-element_type=\"container\">\n\t\t\t\t\t<div class=\"e-con-inner\">\n\t\t<div class=\"elementor-element elementor-element-ea6ee2d e-con-full e-flex elementor-invisible e-con e-child\" data-id=\"ea6ee2d\" data-element_type=\"container\" data-settings=\"{&quot;animation&quot;:&quot;fadeIn&quot;,&quot;animation_delay&quot;:200}\">\n\t\t<div class=\"elementor-element elementor-element-2e760d0 e-con-full e-flex e-con e-child\" data-id=\"2e760d0\" data-element_type=\"container\">\n\t\t<div class=\"elementor-element elementor-element-368f71e e-con-full e-flex e-con e-child\" data-id=\"368f71e\" data-element_type=\"container\">\n\t\t\t\t<div class=\"elementor-element elementor-element-64fa62f elementor-widget elementor-widget-text-editor\" data-id=\"64fa62f\" data-element_type=\"widget\" data-widget_type=\"text-editor.default\">\n\t\t\t\t<div class=\"elementor-widget-container\">\n\t\t\t\t\t\t\t\t\t<p>Se publica, en el BOE DE 12 de septiembre de 2025, el nuevo\u00a0<a href=\"https:\/\/boe.es\/boe\/dias\/2025\/09\/12\/pdfs\/BOE-A-2025-18078.pdf\">Plan Estrat\u00e9gico de la Inspecci\u00f3n de Trabajo y Seguridad Social<\/a>\u00a0que marca una nueva etapa en la forma de entender y ejercer la vigilancia laboral en Espa\u00f1a.<\/p>\t\t\t\t\t\t\t\t<\/div>\n\t\t\t\t<\/div>\n\t\t\t\t<\/div>\n\t\t\t\t<\/div>\n\t\t\t\t<\/div>\n\t\t\t\t\t<\/div>\n\t\t\t\t<\/div>\n\t\t<div class=\"elementor-element elementor-element-d032ef0 e-flex e-con-boxed e-con e-parent\" data-id=\"d032ef0\" data-element_type=\"container\">\n\t\t\t\t\t<div class=\"e-con-inner\">\n\t\t<div class=\"elementor-element elementor-element-6117645 e-con-full e-flex elementor-invisible e-con e-child\" data-id=\"6117645\" data-element_type=\"container\" data-settings=\"{&quot;animation&quot;:&quot;fadeIn&quot;,&quot;animation_delay&quot;:200}\">\n\t\t<div class=\"elementor-element elementor-element-f0f0de8 e-con-full e-flex e-con e-child\" data-id=\"f0f0de8\" data-element_type=\"container\">\n\t\t<div class=\"elementor-element elementor-element-bfa65c5 e-con-full e-flex e-con e-child\" data-id=\"bfa65c5\" data-element_type=\"container\">\n\t\t\t\t<div class=\"elementor-element elementor-element-dbc7db2 elementor-widget elementor-widget-heading\" data-id=\"dbc7db2\" data-element_type=\"widget\" data-widget_type=\"heading.default\">\n\t\t\t\t<div class=\"elementor-widget-container\">\n\t\t\t\t\t<h3 class=\"elementor-heading-title elementor-size-default\">\u00bfQu\u00e9 cambia con este nuevo plan?<\/h3>\t\t\t\t<\/div>\n\t\t\t\t<\/div>\n\t\t\t\t<\/div>\n\t\t\t\t<\/div>\n\t\t\t\t<\/div>\n\t\t\t\t\t<\/div>\n\t\t\t\t<\/div>\n\t\t<div class=\"elementor-element elementor-element-2dad376 e-flex e-con-boxed e-con e-parent\" data-id=\"2dad376\" data-element_type=\"container\">\n\t\t\t\t\t<div class=\"e-con-inner\">\n\t\t<div class=\"elementor-element elementor-element-27176fd e-con-full e-flex elementor-invisible e-con e-child\" data-id=\"27176fd\" data-element_type=\"container\" data-settings=\"{&quot;animation&quot;:&quot;fadeIn&quot;,&quot;animation_delay&quot;:200}\">\n\t\t<div class=\"elementor-element elementor-element-cf64eb8 e-con-full e-flex e-con e-child\" data-id=\"cf64eb8\" data-element_type=\"container\">\n\t\t<div class=\"elementor-element elementor-element-00f3b5d e-con-full e-flex e-con e-child\" data-id=\"00f3b5d\" data-element_type=\"container\">\n\t\t\t\t<div class=\"elementor-element elementor-element-8d4a588 elementor-widget elementor-widget-text-editor\" data-id=\"8d4a588\" data-element_type=\"widget\" data-widget_type=\"text-editor.default\">\n\t\t\t\t<div class=\"elementor-widget-container\">\n\t\t\t\t\t\t\t\t\t<p>Este nuevo plan deja atr\u00e1s el enfoque de reconstrucci\u00f3n postpandemia del plan anterior (2021-2023) y abre una etapa centrada en consolidar las reformas estructurales del mercado laboral, como la reducci\u00f3n de la temporalidad, el impulso del empleo estable y la adaptaci\u00f3n a los retos digitales. La Inspecci\u00f3n se transforma en una instituci\u00f3n m\u00e1s moderna, eficaz y conectada con la realidad social y econ\u00f3mica actual.<\/p><p>Su objetivo principal consiste en alcanzar un alto nivel de calidad en la prestaci\u00f3n del servicio p\u00fablico que tiene encomendado como garante del cumplimiento de las normas del orden social y de los derechos laborales de las personas trabajadoras.<\/p><p>El nuevo Plan 2025-2027 busca garantizar los derechos laborales en un mercado cada vez m\u00e1s digital y cambiante a trav\u00e9s de dos ejes, y 17 objetivos.<\/p>\t\t\t\t\t\t\t\t<\/div>\n\t\t\t\t<\/div>\n\t\t\t\t<\/div>\n\t\t\t\t<\/div>\n\t\t\t\t<\/div>\n\t\t\t\t\t<\/div>\n\t\t\t\t<\/div>\n\t\t<div class=\"elementor-element elementor-element-5827dd4 e-flex e-con-boxed e-con e-parent\" data-id=\"5827dd4\" data-element_type=\"container\">\n\t\t\t\t\t<div class=\"e-con-inner\">\n\t\t<div class=\"elementor-element elementor-element-e3777a4 e-con-full e-flex elementor-invisible e-con e-child\" data-id=\"e3777a4\" data-element_type=\"container\" data-settings=\"{&quot;animation&quot;:&quot;fadeIn&quot;,&quot;animation_delay&quot;:200}\">\n\t\t<div class=\"elementor-element elementor-element-d0bd74d e-con-full e-flex e-con e-child\" data-id=\"d0bd74d\" data-element_type=\"container\">\n\t\t<div class=\"elementor-element elementor-element-be76f71 e-con-full e-flex e-con e-child\" data-id=\"be76f71\" data-element_type=\"container\">\n\t\t\t\t<div class=\"elementor-element elementor-element-8e3fe5c elementor-widget elementor-widget-heading\" data-id=\"8e3fe5c\" data-element_type=\"widget\" data-widget_type=\"heading.default\">\n\t\t\t\t<div class=\"elementor-widget-container\">\n\t\t\t\t\t<h3 class=\"elementor-heading-title elementor-size-default\">EJE 1: Las personas, en el centro del servicio p\u00fablico<\/h3>\t\t\t\t<\/div>\n\t\t\t\t<\/div>\n\t\t\t\t<\/div>\n\t\t\t\t<\/div>\n\t\t\t\t<\/div>\n\t\t\t\t\t<\/div>\n\t\t\t\t<\/div>\n\t\t<div class=\"elementor-element elementor-element-7f22f39 e-flex e-con-boxed e-con e-parent\" data-id=\"7f22f39\" data-element_type=\"container\">\n\t\t\t\t\t<div class=\"e-con-inner\">\n\t\t<div class=\"elementor-element elementor-element-49cea21 e-con-full e-flex elementor-invisible e-con e-child\" data-id=\"49cea21\" data-element_type=\"container\" data-settings=\"{&quot;animation&quot;:&quot;fadeIn&quot;,&quot;animation_delay&quot;:200}\">\n\t\t<div class=\"elementor-element elementor-element-b51fdb0 e-con-full e-flex e-con e-child\" data-id=\"b51fdb0\" data-element_type=\"container\">\n\t\t<div class=\"elementor-element elementor-element-e2e0f83 e-con-full e-flex e-con e-child\" data-id=\"e2e0f83\" data-element_type=\"container\">\n\t\t\t\t<div class=\"elementor-element elementor-element-7a54c65 elementor-widget elementor-widget-text-editor\" data-id=\"7a54c65\" data-element_type=\"widget\" data-widget_type=\"text-editor.default\">\n\t\t\t\t<div class=\"elementor-widget-container\">\n\t\t\t\t\t\t\t\t\t<p>El primer eje del plan se enfoca en garantizar los derechos laborales con 10 objetivos clave:<\/p><ul><li><strong>Control del fraude en la contrataci\u00f3n:<\/strong>\u00a0especial atenci\u00f3n a contratos temporales, fijos discontinuos y falsos aut\u00f3nomos.<\/li><li><strong>Vigilancia de la jornada laboral:<\/strong>\u00a0incluyendo el teletrabajo y el derecho a la desconexi\u00f3n digital.<\/li><li><strong>Protecci\u00f3n del salario:<\/strong>\u00a0refuerzo del control sobre el cumplimiento del SMI y convenios colectivos.<\/li><li><strong>Seguridad y salud laboral:<\/strong>\u00a0prevenci\u00f3n de riesgos, enfermedades profesionales y accidentes.<\/li><li><strong>Igualdad y no discriminaci\u00f3n:<\/strong>\u00a0lucha contra el acoso, la brecha salarial y la exclusi\u00f3n.<\/li><li><strong>Erradicaci\u00f3n del trabajo forzoso y la precariedad extrema.<\/strong><\/li><li><strong>Control de prestaciones\u00a0 y cotizaciones en la Seguridad Social.<\/strong><\/li><li><strong>Inspecci\u00f3n en plataformas digitales y cooperativas de trabajo asociado.<\/strong><\/li><li><strong>Protecci\u00f3n de colectivos vulnerables y j\u00f3venes.<\/strong><\/li><li><strong>Acci\u00f3n internacional para promover el trabajo decente m\u00e1s all\u00e1 de nuestras fronteras.<\/strong><\/li><\/ul>\t\t\t\t\t\t\t\t<\/div>\n\t\t\t\t<\/div>\n\t\t\t\t<\/div>\n\t\t\t\t<\/div>\n\t\t\t\t<\/div>\n\t\t\t\t\t<\/div>\n\t\t\t\t<\/div>\n\t\t<div class=\"elementor-element elementor-element-bd9e557 e-flex e-con-boxed e-con e-parent\" data-id=\"bd9e557\" data-element_type=\"container\">\n\t\t\t\t\t<div class=\"e-con-inner\">\n\t\t<div class=\"elementor-element elementor-element-e59d3e4 e-con-full e-flex elementor-invisible e-con e-child\" data-id=\"e59d3e4\" data-element_type=\"container\" data-settings=\"{&quot;animation&quot;:&quot;fadeIn&quot;,&quot;animation_delay&quot;:200}\">\n\t\t<div class=\"elementor-element elementor-element-37c9bad e-con-full e-flex e-con e-child\" data-id=\"37c9bad\" data-element_type=\"container\">\n\t\t<div class=\"elementor-element elementor-element-426f132 e-con-full e-flex e-con e-child\" data-id=\"426f132\" data-element_type=\"container\">\n\t\t\t\t<div class=\"elementor-element elementor-element-fada3d1 elementor-widget elementor-widget-heading\" data-id=\"fada3d1\" data-element_type=\"widget\" data-widget_type=\"heading.default\">\n\t\t\t\t<div class=\"elementor-widget-container\">\n\t\t\t\t\t<h3 class=\"elementor-heading-title elementor-size-default\">EJE 2: Un servicio p\u00fablico o moderno y eficiente<\/h3>\t\t\t\t<\/div>\n\t\t\t\t<\/div>\n\t\t\t\t<\/div>\n\t\t\t\t<\/div>\n\t\t\t\t<\/div>\n\t\t\t\t\t<\/div>\n\t\t\t\t<\/div>\n\t\t<div class=\"elementor-element elementor-element-cdc8acf e-flex e-con-boxed e-con e-parent\" data-id=\"cdc8acf\" data-element_type=\"container\">\n\t\t\t\t\t<div class=\"e-con-inner\">\n\t\t<div class=\"elementor-element elementor-element-baed0a7 e-con-full e-flex elementor-invisible e-con e-child\" data-id=\"baed0a7\" data-element_type=\"container\" data-settings=\"{&quot;animation&quot;:&quot;fadeIn&quot;,&quot;animation_delay&quot;:200}\">\n\t\t<div class=\"elementor-element elementor-element-ada95fb e-con-full e-flex e-con e-child\" data-id=\"ada95fb\" data-element_type=\"container\">\n\t\t<div class=\"elementor-element elementor-element-1078700 e-con-full e-flex e-con e-child\" data-id=\"1078700\" data-element_type=\"container\">\n\t\t\t\t<div class=\"elementor-element elementor-element-88d9c66 elementor-widget elementor-widget-text-editor\" data-id=\"88d9c66\" data-element_type=\"widget\" data-widget_type=\"text-editor.default\">\n\t\t\t\t<div class=\"elementor-widget-container\">\n\t\t\t\t\t\t\t\t\t<p>Este eje busca transformar la Inspecci\u00f3n en una instituci\u00f3n moderna, eficiente y cercana, capaz de responder a los retos actuales del mercado laboral. Los\u00a0<strong>7 objetivos<\/strong>\u00a0que lo componen son:<\/p><ul><li><strong>Reforzar la organizaci\u00f3n para un servicio eficiente y de calidad:\u00a0<\/strong>Se apuesta por una estructura m\u00e1s \u00e1gil, con mejor distribuci\u00f3n de funciones y refuerzo de las Direcciones Territoriales.<\/li><li><strong>Adaptar la organizaci\u00f3n a los nuevos desaf\u00edos:\u00a0<\/strong>Se promueve el trabajo en equipo, la homogeneidad interna y la coordinaci\u00f3n entre el Organismo Estatal y los servicios auton\u00f3micos.<\/li><li><strong>Avanzar en la modernizaci\u00f3n tecnol\u00f3gica del Organismo:\u00a0<\/strong>Se fomenta el uso de herramientas digitales para optimizar la gesti\u00f3n, mejorar la relaci\u00f3n con la ciudadan\u00eda y facilitar la colaboraci\u00f3n con otras administraciones.<\/li><li><strong>Mejorar las capacidades del personal:\u00a0<\/strong>Se refuerza la selecci\u00f3n, incorporaci\u00f3n y formaci\u00f3n continua del personal inspector, potenciando la Escuela de Inspecci\u00f3n.<\/li><li><strong>Promover el bienestar del personal:\u00a0<\/strong>Reconociendo que el mayor activo de la instituci\u00f3n son sus profesionales, se impulsan medidas para mejorar sus condiciones laborales y motivaci\u00f3n.<\/li><li><strong>Lograr una organizaci\u00f3n m\u00e1s abierta y transparente:\u00a0<\/strong>Se refuerza la rendici\u00f3n de cuentas, la comunicaci\u00f3n con la sociedad y la participaci\u00f3n externa en la gobernanza del organismo.<\/li><li><strong>Potenciar los valores y principios \u00e9ticos:\u00a0<\/strong>Se promueve la integridad institucional, la protecci\u00f3n de datos y la inclusi\u00f3n como pilares del servicio p\u00fablico.<\/li><\/ul>\t\t\t\t\t\t\t\t<\/div>\n\t\t\t\t<\/div>\n\t\t\t\t<\/div>\n\t\t\t\t<\/div>\n\t\t\t\t<\/div>\n\t\t\t\t\t<\/div>\n\t\t\t\t<\/div>\n\t\t<div class=\"elementor-element elementor-element-9491864 e-flex e-con-boxed e-con e-parent\" data-id=\"9491864\" data-element_type=\"container\">\n\t\t\t\t\t<div class=\"e-con-inner\">\n\t\t<div class=\"elementor-element elementor-element-9db6e43 e-con-full e-flex elementor-invisible e-con e-child\" data-id=\"9db6e43\" data-element_type=\"container\" data-settings=\"{&quot;animation&quot;:&quot;fadeIn&quot;,&quot;animation_delay&quot;:200}\">\n\t\t<div class=\"elementor-element elementor-element-73be28f e-con-full e-flex e-con e-child\" data-id=\"73be28f\" data-element_type=\"container\">\n\t\t<div class=\"elementor-element elementor-element-d958d86 e-con-full e-flex e-con e-child\" data-id=\"d958d86\" data-element_type=\"container\">\n\t\t\t\t<div class=\"elementor-element elementor-element-d5a264f elementor-widget elementor-widget-heading\" data-id=\"d5a264f\" data-element_type=\"widget\" data-widget_type=\"heading.default\">\n\t\t\t\t<div class=\"elementor-widget-container\">\n\t\t\t\t\t<h3 class=\"elementor-heading-title elementor-size-default\">Contribuci\u00f3n a los Objetivos de Desarrollo Sostenible<\/h3>\t\t\t\t<\/div>\n\t\t\t\t<\/div>\n\t\t\t\t<\/div>\n\t\t\t\t<\/div>\n\t\t\t\t<\/div>\n\t\t\t\t\t<\/div>\n\t\t\t\t<\/div>\n\t\t<div class=\"elementor-element elementor-element-b0a16c0 e-flex e-con-boxed e-con e-parent\" data-id=\"b0a16c0\" data-element_type=\"container\">\n\t\t\t\t\t<div class=\"e-con-inner\">\n\t\t<div class=\"elementor-element elementor-element-fc555e5 e-con-full e-flex elementor-invisible e-con e-child\" data-id=\"fc555e5\" data-element_type=\"container\" data-settings=\"{&quot;animation&quot;:&quot;fadeIn&quot;,&quot;animation_delay&quot;:200}\">\n\t\t<div class=\"elementor-element elementor-element-71e3b27 e-con-full e-flex e-con e-child\" data-id=\"71e3b27\" data-element_type=\"container\">\n\t\t<div class=\"elementor-element elementor-element-081abb0 e-con-full e-flex e-con e-child\" data-id=\"081abb0\" data-element_type=\"container\">\n\t\t\t\t<div class=\"elementor-element elementor-element-36ddf69 elementor-widget elementor-widget-text-editor\" data-id=\"36ddf69\" data-element_type=\"widget\" data-widget_type=\"text-editor.default\">\n\t\t\t\t<div class=\"elementor-widget-container\">\n\t\t\t\t\t\t\t\t\t<p>El plan se alinea con la Agenda 2030, especialmente con los objetivos de trabajo decente (ODS 8), igualdad de g\u00e9nero (ODS 5), salud y bienestar (ODS 3) y fin de la pobreza (ODS 1). La Inspecci\u00f3n se convierte as\u00ed en una herramienta clave para avanzar hacia un mercado laboral m\u00e1s justo e inclusivo y sostenible.<\/p>\t\t\t\t\t\t\t\t<\/div>\n\t\t\t\t<\/div>\n\t\t\t\t<\/div>\n\t\t\t\t<\/div>\n\t\t\t\t<\/div>\n\t\t\t\t\t<\/div>\n\t\t\t\t<\/div>\n\t\t<div class=\"elementor-element elementor-element-a262811 e-con-full e-flex e-con e-child\" data-id=\"a262811\" data-element_type=\"container\">\n\t\t<div class=\"elementor-element elementor-element-e681e5d e-con-full e-flex e-con e-child\" data-id=\"e681e5d\" data-element_type=\"container\">\n\t\t\t\t<div class=\"elementor-element elementor-element-0fe5369 elementor-widget__width-auto elementor-widget-mobile__width-inherit elementor-widget elementor-widget-text-editor\" data-id=\"0fe5369\" data-element_type=\"widget\" data-widget_type=\"text-editor.default\">\n\t\t\t\t<div class=\"elementor-widget-container\">\n\t\t\t\t\t\t\t\t\t<p>Share :<\/p>\t\t\t\t\t\t\t\t<\/div>\n\t\t\t\t<\/div>\n\t\t\t\t<div class=\"elementor-element elementor-element-482d3b4 elementor-widget__width-auto elementor-widget-mobile__width-inherit elementor-widget elementor-widget-elementskit-social-share\" data-id=\"482d3b4\" data-element_type=\"widget\" data-widget_type=\"elementskit-social-share.default\">\n\t\t\t\t<div class=\"elementor-widget-container\">\n\t\t\t\t\t<div class=\"ekit-wid-con\" >\t\t<ul class=\"ekit_socialshare\">\n                            <li class=\"elementor-repeater-item-a14f26e\" data-social=\"facebook\">\n                    <div class=\"facebook\">\n                        \n                        <i aria-hidden=\"true\" class=\"icon icon-facebook\"><\/i>                        \n                                                                                            <\/div>\n                <\/li>\n                                            <li class=\"elementor-repeater-item-55ea23a\" data-social=\"twitter\">\n                    <div class=\"twitter\">\n                        \n                        <svg xmlns=\"http:\/\/www.w3.org\/2000\/svg\" data-name=\"Google alt\" id=\"Google_alt\" viewBox=\"0 0 420 419.997\"><title><\/title><path d=\"M388.818,146.28a24.3,24.3,0,1,1-24.295-24.295A24.3,24.3,0,0,1,388.818,146.28ZM466,256l-0.005.306-1.38,88.105a121.58,121.58,0,0,1-120.2,120.2L256,466l-0.306-.006-88.105-1.376a121.586,121.586,0,0,1-120.206-120.2L46,256l0.006-.306,1.376-88.108a121.59,121.59,0,0,1,120.206-120.2L256,46l0.306,0.006,88.105,1.376a121.584,121.584,0,0,1,120.2,120.2Zm-39.112,0-1.374-87.8A82.654,82.654,0,0,0,343.8,86.485L256,85.114l-87.8,1.371A82.658,82.658,0,0,0,86.484,168.2L85.113,256l1.371,87.8A82.655,82.655,0,0,0,168.2,425.515l87.8,1.371,87.8-1.371A82.651,82.651,0,0,0,425.514,343.8Zm-63.048,0A107.841,107.841,0,1,1,256,148.159,107.962,107.962,0,0,1,363.84,256Zm-39.107,0A68.734,68.734,0,1,0,256,324.734,68.812,68.812,0,0,0,324.732,256Z\" transform=\"translate(-46 -46.001)\"><\/path><\/svg>                        \n                                                                                            <\/div>\n                <\/li>\n                                            <li class=\"elementor-repeater-item-5daf535\" data-social=\"linkedin\">\n                    <div class=\"linkedin\">\n                        \n                        <i aria-hidden=\"true\" class=\"icon icon-linkedin\"><\/i>                        \n                                                                                            <\/div>\n                <\/li>\n                                    <\/ul>\n        <\/div>\t\t\t\t<\/div>\n\t\t\t\t<\/div>\n\t\t\t\t<\/div>\n\t\t\t\t<\/div>\n\t\t\t\t<\/div>\n\t\t","protected":false},"excerpt":{"rendered":"<p>La Inspecci\u00f3n de Trabajo se transforma: claves del plan 2025-2027 Se publica, en el BOE DE 12 de septiembre de 2025, el nuevo\u00a0Plan Estrat\u00e9gico de la Inspecci\u00f3n de Trabajo y Seguridad Social\u00a0que marca una nueva etapa en la forma de entender y ejercer la vigilancia laboral en Espa\u00f1a. \u00bfQu\u00e9 cambia con este nuevo plan? Este [&hellip;]<\/p>\n","protected":false},"author":1,"featured_media":0,"comment_status":"open","ping_status":"open","sticky":false,"template":"","format":"standard","meta":{"footnotes":""},"categories":[1],"tags":[],"class_list":["post-3664","post","type-post","status-publish","format-standard","hentry","category-sin-categoria"],"_links":{"self":[{"href":"https:\/\/abire.es\/nuevaweb\/wp-json\/wp\/v2\/posts\/3664","targetHints":{"allow":["GET"]}}],"collection":[{"href":"https:\/\/abire.es\/nuevaweb\/wp-json\/wp\/v2\/posts"}],"about":[{"href":"https:\/\/abire.es\/nuevaweb\/wp-json\/wp\/v2\/types\/post"}],"author":[{"embeddable":true,"href":"https:\/\/abire.es\/nuevaweb\/wp-json\/wp\/v2\/users\/1"}],"replies":[{"embeddable":true,"href":"https:\/\/abire.es\/nuevaweb\/wp-json\/wp\/v2\/comments?post=3664"}],"version-history":[{"count":8,"href":"https:\/\/abire.es\/nuevaweb\/wp-json\/wp\/v2\/posts\/3664\/revisions"}],"predecessor-version":[{"id":3676,"href":"https:\/\/abire.es\/nuevaweb\/wp-json\/wp\/v2\/posts\/3664\/revisions\/3676"}],"wp:attachment":[{"href":"https:\/\/abire.es\/nuevaweb\/wp-json\/wp\/v2\/media?parent=3664"}],"wp:term":[{"taxonomy":"category","embeddable":true,"href":"https:\/\/abire.es\/nuevaweb\/wp-json\/wp\/v2\/categories?post=3664"},{"taxonomy":"post_tag","embeddable":true,"href":"https:\/\/abire.es\/nuevaweb\/wp-json\/wp\/v2\/tags?post=3664"}],"curies":[{"name":"wp","href":"https:\/\/api.w.org\/{rel}","templated":true}]}}