{"id":3699,"date":"2025-11-05T18:45:12","date_gmt":"2025-11-05T17:45:12","guid":{"rendered":"https:\/\/abire.es\/nuevaweb\/?p=3699"},"modified":"2025-11-07T12:47:00","modified_gmt":"2025-11-07T11:47:00","slug":"familiares_en_el_negocio_del_autonomo","status":"publish","type":"post","link":"https:\/\/abire.es\/nuevaweb\/2025\/11\/05\/familiares_en_el_negocio_del_autonomo\/","title":{"rendered":"Incorporaci\u00f3n de familiares en el negocio del aut\u00f3nomo: ventajas y claves legales"},"content":{"rendered":"\t\t<div data-elementor-type=\"wp-post\" data-elementor-id=\"3699\" class=\"elementor elementor-3699\" data-elementor-post-type=\"post\">\n\t\t\t\t<div class=\"elementor-element elementor-element-b2357a0 e-flex e-con-boxed e-con e-parent\" data-id=\"b2357a0\" data-element_type=\"container\">\n\t\t\t\t\t<div class=\"e-con-inner\">\n\t\t\t\t<div class=\"elementor-element elementor-element-f82485c elementor-widget elementor-widget-heading\" data-id=\"f82485c\" data-element_type=\"widget\" data-widget_type=\"heading.default\">\n\t\t\t\t<div class=\"elementor-widget-container\">\n\t\t\t\t\t<h1 class=\"elementor-heading-title elementor-size-default\">Incorporaci\u00f3n de familiares en el negocio del aut\u00f3nomo: ventajas y claves legales\n<\/h1>\t\t\t\t<\/div>\n\t\t\t\t<\/div>\n\t\t\t\t\t<\/div>\n\t\t\t\t<\/div>\n\t\t<div class=\"elementor-element elementor-element-0d38064 e-flex e-con-boxed e-con e-parent\" data-id=\"0d38064\" data-element_type=\"container\">\n\t\t\t\t\t<div class=\"e-con-inner\">\n\t\t\t\t<div class=\"elementor-element elementor-element-7ea96f4 elementor-widget elementor-widget-post-info\" data-id=\"7ea96f4\" data-element_type=\"widget\" data-widget_type=\"post-info.default\">\n\t\t\t\t<div class=\"elementor-widget-container\">\n\t\t\t\t\t\t\t<ul class=\"elementor-inline-items elementor-icon-list-items elementor-post-info\">\n\t\t\t\t\t\t\t\t<li class=\"elementor-icon-list-item elementor-repeater-item-84a0993 elementor-inline-item\" itemprop=\"datePublished\">\n\t\t\t\t\t\t<a href=\"https:\/\/abire.es\/nuevaweb\/2025\/11\/05\/\">\n\t\t\t\t\t\t\t\t\t\t\t<span class=\"elementor-icon-list-icon\">\n\t\t\t\t\t\t\t\t<svg aria-hidden=\"true\" class=\"e-font-icon-svg e-fas-calendar\" viewBox=\"0 0 448 512\" xmlns=\"http:\/\/www.w3.org\/2000\/svg\"><path d=\"M12 192h424c6.6 0 12 5.4 12 12v260c0 26.5-21.5 48-48 48H48c-26.5 0-48-21.5-48-48V204c0-6.6 5.4-12 12-12zm436-44v-36c0-26.5-21.5-48-48-48h-48V12c0-6.6-5.4-12-12-12h-40c-6.6 0-12 5.4-12 12v52H160V12c0-6.6-5.4-12-12-12h-40c-6.6 0-12 5.4-12 12v52H48C21.5 64 0 85.5 0 112v36c0 6.6 5.4 12 12 12h424c6.6 0 12-5.4 12-12z\"><\/path><\/svg>\t\t\t\t\t\t\t<\/span>\n\t\t\t\t\t\t\t\t\t<span class=\"elementor-icon-list-text elementor-post-info__item elementor-post-info__item--type-date\">\n\t\t\t\t\t\t\t\t\t\t<time>24\/09\/2025<\/time>\t\t\t\t\t<\/span>\n\t\t\t\t\t\t\t\t\t<\/a>\n\t\t\t\t<\/li>\n\t\t\t\t<\/ul>\n\t\t\t\t\t\t<\/div>\n\t\t\t\t<\/div>\n\t\t\t\t\t<\/div>\n\t\t\t\t<\/div>\n\t\t<div class=\"elementor-element elementor-element-b9e93ee e-flex e-con-boxed e-con e-parent\" data-id=\"b9e93ee\" data-element_type=\"container\">\n\t\t\t\t\t<div class=\"e-con-inner\">\n\t\t<div class=\"elementor-element elementor-element-b2503d7 e-con-full e-flex elementor-invisible e-con e-child\" data-id=\"b2503d7\" data-element_type=\"container\" data-settings=\"{&quot;animation&quot;:&quot;fadeIn&quot;,&quot;animation_delay&quot;:200}\">\n\t\t<div class=\"elementor-element elementor-element-1e7b2a2 e-con-full e-flex e-con e-child\" data-id=\"1e7b2a2\" data-element_type=\"container\">\n\t\t<div class=\"elementor-element elementor-element-33db473 e-con-full e-flex e-con e-child\" data-id=\"33db473\" data-element_type=\"container\">\n\t\t\t\t<div class=\"elementor-element elementor-element-b5cf4b3 elementor-widget elementor-widget-text-editor\" data-id=\"b5cf4b3\" data-element_type=\"widget\" data-widget_type=\"text-editor.default\">\n\t\t\t\t<div class=\"elementor-widget-container\">\n\t\t\t\t\t\t\t\t\t<p>El <strong>Contrato de Formaci\u00f3n en Alternancia (CFA)<\/strong> vuelve a situarse como la opci\u00f3n m\u00e1s rentable tambi\u00e9n para los aut\u00f3nomos.<\/p><p>Adem\u00e1s de acceder a talento joven que se forma mientras trabaja, ofrece importantes ahorros en costes laborales, sumando ventajas que hasta ahora se asociaban m\u00e1s a grandes empresas.<\/p><p>Lo m\u00e1s destacable para este colectivo es que pueden beneficiarse de estas condiciones, e incluso contratar a familiares bajo esta modalidad, siempre que se cumplan los requisitos legales. De este modo, el CFA se convierte en una herramienta flexible, econ\u00f3mica y perfectamente adaptada a quienes gestionan un negocio en solitario o con equipos reducidos.<\/p>\t\t\t\t\t\t\t\t<\/div>\n\t\t\t\t<\/div>\n\t\t\t\t<\/div>\n\t\t\t\t<\/div>\n\t\t\t\t<\/div>\n\t\t\t\t\t<\/div>\n\t\t\t\t<\/div>\n\t\t<div class=\"elementor-element elementor-element-6a91146 e-flex e-con-boxed e-con e-parent\" data-id=\"6a91146\" data-element_type=\"container\">\n\t\t\t\t\t<div class=\"e-con-inner\">\n\t\t<div class=\"elementor-element elementor-element-c709c28 e-con-full e-flex elementor-invisible e-con e-child\" data-id=\"c709c28\" data-element_type=\"container\" data-settings=\"{&quot;animation&quot;:&quot;fadeIn&quot;,&quot;animation_delay&quot;:200}\">\n\t\t<div class=\"elementor-element elementor-element-91b8987 e-con-full e-flex e-con e-child\" data-id=\"91b8987\" data-element_type=\"container\">\n\t\t<div class=\"elementor-element elementor-element-67eb146 e-con-full e-flex e-con e-child\" data-id=\"67eb146\" data-element_type=\"container\">\n\t\t\t\t<div class=\"elementor-element elementor-element-be52229 elementor-widget elementor-widget-heading\" data-id=\"be52229\" data-element_type=\"widget\" data-widget_type=\"heading.default\">\n\t\t\t\t<div class=\"elementor-widget-container\">\n\t\t\t\t\t<h3 class=\"elementor-heading-title elementor-size-default\">\u00bfQu\u00e9 ventajas tiene el CFA para los aut\u00f3nomos?<\/h3>\t\t\t\t<\/div>\n\t\t\t\t<\/div>\n\t\t\t\t<\/div>\n\t\t\t\t<\/div>\n\t\t\t\t<\/div>\n\t\t\t\t\t<\/div>\n\t\t\t\t<\/div>\n\t\t<div class=\"elementor-element elementor-element-05c240a e-flex e-con-boxed e-con e-parent\" data-id=\"05c240a\" data-element_type=\"container\">\n\t\t\t\t\t<div class=\"e-con-inner\">\n\t\t<div class=\"elementor-element elementor-element-4ea4294 e-con-full e-flex elementor-invisible e-con e-child\" data-id=\"4ea4294\" data-element_type=\"container\" data-settings=\"{&quot;animation&quot;:&quot;fadeIn&quot;,&quot;animation_delay&quot;:200}\">\n\t\t<div class=\"elementor-element elementor-element-c0010f1 e-con-full e-flex e-con e-child\" data-id=\"c0010f1\" data-element_type=\"container\">\n\t\t<div class=\"elementor-element elementor-element-aa70be4 e-con-full e-flex e-con e-child\" data-id=\"aa70be4\" data-element_type=\"container\">\n\t\t\t\t<div class=\"elementor-element elementor-element-18501ce elementor-widget elementor-widget-text-editor\" data-id=\"18501ce\" data-element_type=\"widget\" data-widget_type=\"text-editor.default\">\n\t\t\t\t<div class=\"elementor-widget-container\">\n\t\t\t\t\t\t\t\t\t<ul><li>Permite formar nuevo talento a medida, combinado aprendizaje te\u00f3rico con pr\u00e1ctica real, teniendo as\u00ed mejor control empresarial.<\/li><li>Bonificaciones en las cuotas a la Seguridad Social, lo que reduce el coste real de contrataci\u00f3n (dependiendo de la base de cotizaci\u00f3n y tama\u00f1o).<\/li><li>Formaci\u00f3n te\u00f3rica 100% bonificada.<\/li><li>Bonificaci\u00f3n por tutor\u00eda de empresa de 60\u20ac\/80\u20ac: un incentivo mensual para la persona que gu\u00eda a la persona trabajadora en la empresa.<\/li><li>Bonificaci\u00f3n por transformaci\u00f3n en indefinido de 1.764\u20ac en caso de mujeres y 1.536\u20ac en caso de los hombres, durante 3 a\u00f1os.<\/li><\/ul>\t\t\t\t\t\t\t\t<\/div>\n\t\t\t\t<\/div>\n\t\t\t\t<\/div>\n\t\t\t\t<\/div>\n\t\t\t\t<\/div>\n\t\t\t\t\t<\/div>\n\t\t\t\t<\/div>\n\t\t<div class=\"elementor-element elementor-element-e23faaa e-flex e-con-boxed e-con e-parent\" data-id=\"e23faaa\" data-element_type=\"container\">\n\t\t\t\t\t<div class=\"e-con-inner\">\n\t\t\t\t<div class=\"elementor-element elementor-element-6b3c286 elementor-widget elementor-widget-image\" data-id=\"6b3c286\" data-element_type=\"widget\" data-widget_type=\"image.default\">\n\t\t\t\t<div class=\"elementor-widget-container\">\n\t\t\t\t\t\t\t\t\t\t\t\t\t\t\t<img decoding=\"async\" src=\"https:\/\/abire.es\/nuevaweb\/wp-content\/uploads\/elementor\/thumbs\/1-recr7p6dmmfxg1c2ds1c7a6n4jsmuk1y1wuhejb2pc.jpg\" title=\"CFA y aut\u00f3nomos\" alt=\"CFA y aut\u00f3nomos\" loading=\"lazy\" \/>\t\t\t\t\t\t\t\t\t\t\t\t\t\t\t<\/div>\n\t\t\t\t<\/div>\n\t\t\t\t\t<\/div>\n\t\t\t\t<\/div>\n\t\t<div class=\"elementor-element elementor-element-e459c24 e-flex e-con-boxed e-con e-parent\" data-id=\"e459c24\" data-element_type=\"container\">\n\t\t\t\t\t<div class=\"e-con-inner\">\n\t\t<div class=\"elementor-element elementor-element-66127f6 e-con-full e-flex elementor-invisible e-con e-child\" data-id=\"66127f6\" data-element_type=\"container\" data-settings=\"{&quot;animation&quot;:&quot;fadeIn&quot;,&quot;animation_delay&quot;:200}\">\n\t\t<div class=\"elementor-element elementor-element-27bcc14 e-con-full e-flex e-con e-child\" data-id=\"27bcc14\" data-element_type=\"container\">\n\t\t<div class=\"elementor-element elementor-element-a2f55fc e-con-full e-flex e-con e-child\" data-id=\"a2f55fc\" data-element_type=\"container\">\n\t\t\t\t<div class=\"elementor-element elementor-element-6914cbd elementor-widget elementor-widget-heading\" data-id=\"6914cbd\" data-element_type=\"widget\" data-widget_type=\"heading.default\">\n\t\t\t\t<div class=\"elementor-widget-container\">\n\t\t\t\t\t<h3 class=\"elementor-heading-title elementor-size-default\">Contratar a familiares y otras personas candidatas<\/h3>\t\t\t\t<\/div>\n\t\t\t\t<\/div>\n\t\t\t\t<\/div>\n\t\t\t\t<\/div>\n\t\t\t\t<\/div>\n\t\t\t\t\t<\/div>\n\t\t\t\t<\/div>\n\t\t<div class=\"elementor-element elementor-element-9c90af3 e-flex e-con-boxed e-con e-parent\" data-id=\"9c90af3\" data-element_type=\"container\">\n\t\t\t\t\t<div class=\"e-con-inner\">\n\t\t<div class=\"elementor-element elementor-element-51c60b4 e-con-full e-flex elementor-invisible e-con e-child\" data-id=\"51c60b4\" data-element_type=\"container\" data-settings=\"{&quot;animation&quot;:&quot;fadeIn&quot;,&quot;animation_delay&quot;:200}\">\n\t\t<div class=\"elementor-element elementor-element-fc444a6 e-con-full e-flex e-con e-child\" data-id=\"fc444a6\" data-element_type=\"container\">\n\t\t<div class=\"elementor-element elementor-element-c87ffec e-con-full e-flex e-con e-child\" data-id=\"c87ffec\" data-element_type=\"container\">\n\t\t\t\t<div class=\"elementor-element elementor-element-8372916 elementor-widget elementor-widget-text-editor\" data-id=\"8372916\" data-element_type=\"widget\" data-widget_type=\"text-editor.default\">\n\t\t\t\t<div class=\"elementor-widget-container\">\n\t\t\t\t\t\t\t\t\t<ul><li>Un aut\u00f3nomo <strong>s\u00ed puede contratar a su hijo\/a con un Contrato de Formaci\u00f3n en Alternancia<\/strong>, siempre que sea menor de 30 a\u00f1os, aunque conviva en el domicilio familiar.<\/li><li>Adem\u00e1s, cuando se trate de un trabajador aut\u00f3nomo sin asalariados, <strong>podr\u00e1 contratar a un solo familiar menor de cuarenta y cinco a\u00f1os, con el que no conviva<\/strong> en su hogar ni est\u00e9 a su cargo.<\/li><li>Con familiares m\u00e1s lejanos (sobrinos\/as, t\u00edos\/as, primos\/as), se permite la contrataci\u00f3n con <strong>Contrato de Formaci\u00f3n en Alternancia como relaci\u00f3n laboral com\u00fan<\/strong>.<\/li><li>Adem\u00e1s, los aut\u00f3nomos tambi\u00e9n pueden contratar a cualquier persona sin v\u00ednculo de parentesco, disfrutando igualmente de todas las ventajas del contrato de formaci\u00f3n.<\/li><\/ul>\t\t\t\t\t\t\t\t<\/div>\n\t\t\t\t<\/div>\n\t\t\t\t<\/div>\n\t\t\t\t<\/div>\n\t\t\t\t<\/div>\n\t\t\t\t\t<\/div>\n\t\t\t\t<\/div>\n\t\t<div class=\"elementor-element elementor-element-e987a5f e-flex e-con-boxed e-con e-parent\" data-id=\"e987a5f\" data-element_type=\"container\">\n\t\t\t\t\t<div class=\"e-con-inner\">\n\t\t<div class=\"elementor-element elementor-element-e6181be e-con-full e-flex elementor-invisible e-con e-child\" data-id=\"e6181be\" data-element_type=\"container\" data-settings=\"{&quot;animation&quot;:&quot;fadeIn&quot;,&quot;animation_delay&quot;:200}\">\n\t\t<div class=\"elementor-element elementor-element-b4bdc97 e-con-full e-flex e-con e-child\" data-id=\"b4bdc97\" data-element_type=\"container\">\n\t\t<div class=\"elementor-element elementor-element-8b2439b e-con-full e-flex e-con e-child\" data-id=\"8b2439b\" data-element_type=\"container\">\n\t\t\t\t<div class=\"elementor-element elementor-element-3c24900 elementor-widget elementor-widget-heading\" data-id=\"3c24900\" data-element_type=\"widget\" data-widget_type=\"heading.default\">\n\t\t\t\t<div class=\"elementor-widget-container\">\n\t\t\t\t\t<h3 class=\"elementor-heading-title elementor-size-default\">Requisitos y recomendaciones<\/h3>\t\t\t\t<\/div>\n\t\t\t\t<\/div>\n\t\t\t\t<\/div>\n\t\t\t\t<\/div>\n\t\t\t\t<\/div>\n\t\t\t\t\t<\/div>\n\t\t\t\t<\/div>\n\t\t<div class=\"elementor-element elementor-element-20025cc e-flex e-con-boxed e-con e-parent\" data-id=\"20025cc\" data-element_type=\"container\">\n\t\t\t\t\t<div class=\"e-con-inner\">\n\t\t<div class=\"elementor-element elementor-element-220823d e-con-full e-flex elementor-invisible e-con e-child\" data-id=\"220823d\" data-element_type=\"container\" data-settings=\"{&quot;animation&quot;:&quot;fadeIn&quot;,&quot;animation_delay&quot;:200}\">\n\t\t<div class=\"elementor-element elementor-element-516322a e-con-full e-flex e-con e-child\" data-id=\"516322a\" data-element_type=\"container\">\n\t\t<div class=\"elementor-element elementor-element-6ac4b43 e-con-full e-flex e-con e-child\" data-id=\"6ac4b43\" data-element_type=\"container\">\n\t\t\t\t<div class=\"elementor-element elementor-element-64ba1ab elementor-widget elementor-widget-text-editor\" data-id=\"64ba1ab\" data-element_type=\"widget\" data-widget_type=\"text-editor.default\">\n\t\t\t\t<div class=\"elementor-widget-container\">\n\t\t\t\t\t\t\t\t\t<ul><li>Aseg\u00farate de que el\/la alumno\/a cumpla\u00a0los\u00a0<a href=\"https:\/\/abire.es\/nuevaweb\/2025\/03\/14\/requisitos_que_debe_cumplir_el_trabajador_en_los_contratos_de_formacion_en_alternancia\/\"><b>requisitos del CFA<\/b><\/a>: edad, cualificaci\u00f3n, que exista formaci\u00f3n relacionada con el puesto de trabajo, etc.<\/li><li aria-level=\"1\">Verifica qu\u00e9 bonificaciones aplican en tu caso concreto como aut\u00f3nomo.<\/li><li aria-level=\"1\">Lleva seguimiento de la formaci\u00f3n y tutor\u00eda, y coord\u00ednate con el centro de formaci\u00f3n. Esto mejora la calidad y garantiza el cumplimiento legal.<\/li><\/ul>\t\t\t\t\t\t\t\t<\/div>\n\t\t\t\t<\/div>\n\t\t\t\t<\/div>\n\t\t\t\t<\/div>\n\t\t\t\t<\/div>\n\t\t\t\t\t<\/div>\n\t\t\t\t<\/div>\n\t\t<div class=\"elementor-element elementor-element-45d1217 e-flex e-con-boxed e-con e-parent\" data-id=\"45d1217\" data-element_type=\"container\">\n\t\t\t\t\t<div class=\"e-con-inner\">\n\t\t<div class=\"elementor-element elementor-element-70801d5 e-con-full e-flex elementor-invisible e-con e-child\" data-id=\"70801d5\" data-element_type=\"container\" data-settings=\"{&quot;animation&quot;:&quot;fadeIn&quot;,&quot;animation_delay&quot;:200}\">\n\t\t<div class=\"elementor-element elementor-element-caab4ff e-con-full e-flex e-con e-child\" data-id=\"caab4ff\" data-element_type=\"container\">\n\t\t<div class=\"elementor-element elementor-element-0dfcf36 e-con-full e-flex e-con e-child\" data-id=\"0dfcf36\" data-element_type=\"container\">\n\t\t\t\t<div class=\"elementor-element elementor-element-b6f89ae elementor-widget elementor-widget-heading\" data-id=\"b6f89ae\" data-element_type=\"widget\" data-widget_type=\"heading.default\">\n\t\t\t\t<div class=\"elementor-widget-container\">\n\t\t\t\t\t<h3 class=\"elementor-heading-title elementor-size-default\">Reflexi\u00f3n final<\/h3>\t\t\t\t<\/div>\n\t\t\t\t<\/div>\n\t\t\t\t<\/div>\n\t\t\t\t<\/div>\n\t\t\t\t<\/div>\n\t\t\t\t\t<\/div>\n\t\t\t\t<\/div>\n\t\t<div class=\"elementor-element elementor-element-f8b0417 e-flex e-con-boxed e-con e-parent\" data-id=\"f8b0417\" data-element_type=\"container\">\n\t\t\t\t\t<div class=\"e-con-inner\">\n\t\t<div class=\"elementor-element elementor-element-40f35a9 e-con-full e-flex elementor-invisible e-con e-child\" data-id=\"40f35a9\" data-element_type=\"container\" data-settings=\"{&quot;animation&quot;:&quot;fadeIn&quot;,&quot;animation_delay&quot;:200}\">\n\t\t<div class=\"elementor-element elementor-element-e123bcb e-con-full e-flex e-con e-child\" data-id=\"e123bcb\" data-element_type=\"container\">\n\t\t<div class=\"elementor-element elementor-element-60f1cf8 e-con-full e-flex e-con e-child\" data-id=\"60f1cf8\" data-element_type=\"container\">\n\t\t\t\t<div class=\"elementor-element elementor-element-a72f384 elementor-widget elementor-widget-text-editor\" data-id=\"a72f384\" data-element_type=\"widget\" data-widget_type=\"text-editor.default\">\n\t\t\t\t<div class=\"elementor-widget-container\">\n\t\t\t\t\t\t\t\t\t<p>El\u00a0<b>Contrato de Formaci\u00f3n en Alternancia<\/b>\u00a0no es solo una opci\u00f3n pensada para grandes empresas: tambi\u00e9n ofrece a los aut\u00f3nomos la posibilidad de\u00a0<b>hacer crecer su negocio, formar talento propio y ahorrar en costes<\/b>.<\/p><p>La clave est\u00e1 en que se adapta a la realidad de cada aut\u00f3nomo, incluso permitiendo contratar a hijos menores de 30 a\u00f1os aunque convivan en el domicilio familiar. As\u00ed, el Contrato de Formaci\u00f3n se convierte en una herramienta flexible que combina ahorro, formaci\u00f3n y oportunidades de futuro.<\/p><p>En\u00a0<b>Abire Formaci\u00f3n<\/b>\u00a0te acompa\u00f1amos para que aproveches al m\u00e1ximo estas ventajas y gestiones cada contrato de forma sencilla y segura.<\/p>\t\t\t\t\t\t\t\t<\/div>\n\t\t\t\t<\/div>\n\t\t\t\t<\/div>\n\t\t\t\t<\/div>\n\t\t\t\t<\/div>\n\t\t\t\t\t<\/div>\n\t\t\t\t<\/div>\n\t\t\t\t<\/div>\n\t\t","protected":false},"excerpt":{"rendered":"<p>Incorporaci\u00f3n de familiares en el negocio del aut\u00f3nomo: ventajas y claves legales El Contrato de Formaci\u00f3n en Alternancia (CFA) vuelve a situarse como la opci\u00f3n m\u00e1s rentable tambi\u00e9n para los aut\u00f3nomos. Adem\u00e1s de acceder a talento joven que se forma mientras trabaja, ofrece importantes ahorros en costes laborales, sumando ventajas que hasta ahora se asociaban [&hellip;]<\/p>\n","protected":false},"author":1,"featured_media":0,"comment_status":"open","ping_status":"open","sticky":false,"template":"","format":"standard","meta":{"footnotes":""},"categories":[1],"tags":[],"class_list":["post-3699","post","type-post","status-publish","format-standard","hentry","category-sin-categoria"],"_links":{"self":[{"href":"https:\/\/abire.es\/nuevaweb\/wp-json\/wp\/v2\/posts\/3699","targetHints":{"allow":["GET"]}}],"collection":[{"href":"https:\/\/abire.es\/nuevaweb\/wp-json\/wp\/v2\/posts"}],"about":[{"href":"https:\/\/abire.es\/nuevaweb\/wp-json\/wp\/v2\/types\/post"}],"author":[{"embeddable":true,"href":"https:\/\/abire.es\/nuevaweb\/wp-json\/wp\/v2\/users\/1"}],"replies":[{"embeddable":true,"href":"https:\/\/abire.es\/nuevaweb\/wp-json\/wp\/v2\/comments?post=3699"}],"version-history":[{"count":11,"href":"https:\/\/abire.es\/nuevaweb\/wp-json\/wp\/v2\/posts\/3699\/revisions"}],"predecessor-version":[{"id":3860,"href":"https:\/\/abire.es\/nuevaweb\/wp-json\/wp\/v2\/posts\/3699\/revisions\/3860"}],"wp:attachment":[{"href":"https:\/\/abire.es\/nuevaweb\/wp-json\/wp\/v2\/media?parent=3699"}],"wp:term":[{"taxonomy":"category","embeddable":true,"href":"https:\/\/abire.es\/nuevaweb\/wp-json\/wp\/v2\/categories?post=3699"},{"taxonomy":"post_tag","embeddable":true,"href":"https:\/\/abire.es\/nuevaweb\/wp-json\/wp\/v2\/tags?post=3699"}],"curies":[{"name":"wp","href":"https:\/\/api.w.org\/{rel}","templated":true}]}}