{"id":3861,"date":"2025-11-07T13:09:18","date_gmt":"2025-11-07T12:09:18","guid":{"rendered":"https:\/\/abire.es\/nuevaweb\/?p=3861"},"modified":"2025-11-10T16:26:57","modified_gmt":"2025-11-10T15:26:57","slug":"formacion_online_en_contratos_de_formacion_en_alternancia","status":"publish","type":"post","link":"https:\/\/abire.es\/nuevaweb\/2025\/11\/07\/formacion_online_en_contratos_de_formacion_en_alternancia\/","title":{"rendered":"La formaci\u00f3n online en los contratos de formaci\u00f3n en alternancia: una soluci\u00f3n sin desplazamientos"},"content":{"rendered":"\t\t<div data-elementor-type=\"wp-post\" data-elementor-id=\"3861\" class=\"elementor elementor-3861\" data-elementor-post-type=\"post\">\n\t\t\t\t<div class=\"elementor-element elementor-element-c8b4f76 e-flex e-con-boxed e-con e-parent\" data-id=\"c8b4f76\" data-element_type=\"container\">\n\t\t\t\t\t<div class=\"e-con-inner\">\n\t\t\t\t<div class=\"elementor-element elementor-element-0231ba8 elementor-widget elementor-widget-heading\" data-id=\"0231ba8\" data-element_type=\"widget\" data-widget_type=\"heading.default\">\n\t\t\t\t<div class=\"elementor-widget-container\">\n\t\t\t\t\t<h1 class=\"elementor-heading-title elementor-size-default\">La formaci\u00f3n online en los contratos de formaci\u00f3n en alternancia: una soluci\u00f3n sin desplazamientos<\/h1>\t\t\t\t<\/div>\n\t\t\t\t<\/div>\n\t\t\t\t\t<\/div>\n\t\t\t\t<\/div>\n\t\t<div class=\"elementor-element elementor-element-f2af676 e-flex e-con-boxed e-con e-parent\" data-id=\"f2af676\" data-element_type=\"container\">\n\t\t\t\t\t<div class=\"e-con-inner\">\n\t\t\t\t<div class=\"elementor-element elementor-element-0c03b7c elementor-widget elementor-widget-post-info\" data-id=\"0c03b7c\" data-element_type=\"widget\" data-widget_type=\"post-info.default\">\n\t\t\t\t<div class=\"elementor-widget-container\">\n\t\t\t\t\t\t\t<ul class=\"elementor-inline-items elementor-icon-list-items elementor-post-info\">\n\t\t\t\t\t\t\t\t<li class=\"elementor-icon-list-item elementor-repeater-item-84a0993 elementor-inline-item\" itemprop=\"datePublished\">\n\t\t\t\t\t\t<a href=\"https:\/\/abire.es\/nuevaweb\/2025\/11\/07\/\">\n\t\t\t\t\t\t\t\t\t\t\t<span class=\"elementor-icon-list-icon\">\n\t\t\t\t\t\t\t\t<svg aria-hidden=\"true\" class=\"e-font-icon-svg e-fas-calendar\" viewBox=\"0 0 448 512\" xmlns=\"http:\/\/www.w3.org\/2000\/svg\"><path d=\"M12 192h424c6.6 0 12 5.4 12 12v260c0 26.5-21.5 48-48 48H48c-26.5 0-48-21.5-48-48V204c0-6.6 5.4-12 12-12zm436-44v-36c0-26.5-21.5-48-48-48h-48V12c0-6.6-5.4-12-12-12h-40c-6.6 0-12 5.4-12 12v52H160V12c0-6.6-5.4-12-12-12h-40c-6.6 0-12 5.4-12 12v52H48C21.5 64 0 85.5 0 112v36c0 6.6 5.4 12 12 12h424c6.6 0 12-5.4 12-12z\"><\/path><\/svg>\t\t\t\t\t\t\t<\/span>\n\t\t\t\t\t\t\t\t\t<span class=\"elementor-icon-list-text elementor-post-info__item elementor-post-info__item--type-date\">\n\t\t\t\t\t\t\t\t\t\t<time>01\/10\/2025<\/time>\t\t\t\t\t<\/span>\n\t\t\t\t\t\t\t\t\t<\/a>\n\t\t\t\t<\/li>\n\t\t\t\t<\/ul>\n\t\t\t\t\t\t<\/div>\n\t\t\t\t<\/div>\n\t\t\t\t\t<\/div>\n\t\t\t\t<\/div>\n\t\t<div class=\"elementor-element elementor-element-4bf3833 e-flex e-con-boxed e-con e-parent\" data-id=\"4bf3833\" data-element_type=\"container\">\n\t\t\t\t\t<div class=\"e-con-inner\">\n\t\t<div class=\"elementor-element elementor-element-c0c0cea e-con-full e-flex elementor-invisible e-con e-child\" data-id=\"c0c0cea\" data-element_type=\"container\" data-settings=\"{&quot;animation&quot;:&quot;fadeIn&quot;,&quot;animation_delay&quot;:200}\">\n\t\t<div class=\"elementor-element elementor-element-257fc75 e-con-full e-flex e-con e-child\" data-id=\"257fc75\" data-element_type=\"container\">\n\t\t<div class=\"elementor-element elementor-element-2c70ad9 e-con-full e-flex e-con e-child\" data-id=\"2c70ad9\" data-element_type=\"container\">\n\t\t\t\t<div class=\"elementor-element elementor-element-6dbbb2c elementor-widget elementor-widget-text-editor\" data-id=\"6dbbb2c\" data-element_type=\"widget\" data-widget_type=\"text-editor.default\">\n\t\t\t\t<div class=\"elementor-widget-container\">\n\t\t\t\t\t\t\t\t\t<p>El <strong>Contrato de Formaci\u00f3n en Alternancia (CFA)\u00a0<\/strong>constituye una de las herramientas m\u00e1s efectivas para facilitar la inserci\u00f3n laboral, al combinar el desempe\u00f1o profesional con una formaci\u00f3n directamente vinculada al puesto de trabajo. Dentro de este marco, la modalidad online se ha convertido en una soluci\u00f3n clave para cumplir con las obligaciones formativas de manera pr\u00e1ctica y eficaz.<\/p><p>Entre todas las <a href=\"https:\/\/abire.es\/nuevaweb\/2025\/03\/13\/ventajas-de-los-contratos-de-formacion-en-alternancia\/\">ventajas<\/a> que recoge, uno de los aspectos m\u00e1s destacados de la formaci\u00f3n online es la\u00a0<b>eliminaci\u00f3n de los desplazamientos<\/b>. En lugar de acudir f\u00edsicamente a un centro formativo, el alumno puede acceder a la plataforma desde cualquier lugar con conexi\u00f3n a internet, optimizando el tiempo y reduciendo costes asociados al transporte. Este beneficio resulta especialmente relevante en entornos rurales o en situaciones donde la asistencia presencial supondr\u00eda una dificultad a\u00f1adida.<\/p>\t\t\t\t\t\t\t\t<\/div>\n\t\t\t\t<\/div>\n\t\t\t\t<\/div>\n\t\t\t\t<\/div>\n\t\t\t\t<\/div>\n\t\t\t\t\t<\/div>\n\t\t\t\t<\/div>\n\t\t<div class=\"elementor-element elementor-element-b27d2bf e-flex e-con-boxed e-con e-parent\" data-id=\"b27d2bf\" data-element_type=\"container\">\n\t\t\t\t\t<div class=\"e-con-inner\">\n\t\t<div class=\"elementor-element elementor-element-dd2b489 e-con-full e-flex elementor-invisible e-con e-child\" data-id=\"dd2b489\" data-element_type=\"container\" data-settings=\"{&quot;animation&quot;:&quot;fadeIn&quot;,&quot;animation_delay&quot;:200}\">\n\t\t<div class=\"elementor-element elementor-element-fd4c572 e-con-full e-flex e-con e-child\" data-id=\"fd4c572\" data-element_type=\"container\">\n\t\t<div class=\"elementor-element elementor-element-f4676ba e-con-full e-flex e-con e-child\" data-id=\"f4676ba\" data-element_type=\"container\">\n\t\t\t\t<div class=\"elementor-element elementor-element-d13fbbb elementor-widget elementor-widget-heading\" data-id=\"d13fbbb\" data-element_type=\"widget\" data-widget_type=\"heading.default\">\n\t\t\t\t<div class=\"elementor-widget-container\">\n\t\t\t\t\t<h3 class=\"elementor-heading-title elementor-size-default\">La distribuci\u00f3n horaria en el contrato de formaci\u00f3n en alternancia como apoyo al derecho a la desconexi\u00f3n digital<\/h3>\t\t\t\t<\/div>\n\t\t\t\t<\/div>\n\t\t\t\t<\/div>\n\t\t\t\t<\/div>\n\t\t\t\t<\/div>\n\t\t\t\t\t<\/div>\n\t\t\t\t<\/div>\n\t\t<div class=\"elementor-element elementor-element-5218613 e-flex e-con-boxed e-con e-parent\" data-id=\"5218613\" data-element_type=\"container\">\n\t\t\t\t\t<div class=\"e-con-inner\">\n\t\t<div class=\"elementor-element elementor-element-48da460 e-con-full e-flex elementor-invisible e-con e-child\" data-id=\"48da460\" data-element_type=\"container\" data-settings=\"{&quot;animation&quot;:&quot;fadeIn&quot;,&quot;animation_delay&quot;:200}\">\n\t\t<div class=\"elementor-element elementor-element-5b2b8e8 e-con-full e-flex e-con e-child\" data-id=\"5b2b8e8\" data-element_type=\"container\">\n\t\t<div class=\"elementor-element elementor-element-09237e3 e-con-full e-flex e-con e-child\" data-id=\"09237e3\" data-element_type=\"container\">\n\t\t\t\t<div class=\"elementor-element elementor-element-aae381f elementor-widget elementor-widget-text-editor\" data-id=\"aae381f\" data-element_type=\"widget\" data-widget_type=\"text-editor.default\">\n\t\t\t\t<div class=\"elementor-widget-container\">\n\t\t\t\t\t\t\t\t\t<p>Conviene precisar tambi\u00e9n, que en los contratos de formaci\u00f3n en alternancia se deben cumplir una serie de requisitos. Una de sus notas esenciales de la determinaci\u00f3n clara de la distribuci\u00f3n horaria entre ambos tiempos -trabajo y formaci\u00f3n-, que debe recogerse de manera expresa en el contrato.<\/p><p>Esta previsi\u00f3n, adem\u00e1s de ser un requisito legal, puede convertirse en una herramienta pr\u00e1ctica para favorecer el derecho a la desconexi\u00f3n digital.<\/p><p>La correcta planificaci\u00f3n de la distribuci\u00f3n horaria contribuye, por tanto, a:<\/p><ul><li>Respetar los tiempos de descanso y conciliaci\u00f3n.<\/li><li>Prevenir situaciones de disponibilidad permanente.<\/li><li>Promover una cultura empresarial respetuosa con los l\u00edmites de la jornada laboral.<\/li><\/ul><p>A partir de ello, la modalidad online ofrece ventajas claras:<\/p><section class=\"elementor-section elementor-top-section elementor-element elementor-element-86c070f elementor-section-boxed elementor-section-height-default elementor-section-height-default tf-sticky-section tf-sticky-no\" data-id=\"86c070f\" data-element_type=\"section\" data-settings=\"{&quot;tf_sticky&quot;:&quot;no&quot;}\"><div class=\"elementor-container elementor-column-gap-default\"><div class=\"elementor-column elementor-col-100 elementor-top-column elementor-element elementor-element-0e3140b\" data-id=\"0e3140b\" data-element_type=\"column\"><div class=\"elementor-widget-wrap elementor-element-populated\"><div class=\"elementor-element elementor-element-3465e77 elementor-widget elementor-widget-text-editor\" data-id=\"3465e77\" data-element_type=\"widget\" data-widget_type=\"text-editor.default\"><div class=\"elementor-widget-container\"><ol><li aria-level=\"1\"><b>Supresi\u00f3n de desplazamientos<\/b>: el trabajador\/a no necesita trasladarse a un centro f\u00edsico, lo que simplifica su rutina y elimina gastos adicionales.<\/li><li aria-level=\"1\"><b>Accesibilidad geogr\u00e1fica<\/b>: la ubicaci\u00f3n ya no constituye una barrera; el acceso a formaci\u00f3n de calidad es posible desde cualquier punto.<\/li><li aria-level=\"1\"><b>Optimizaci\u00f3n del tiempo<\/b>: aunque el horario est\u00e1 marcado por el contrato, la ausencia de traslados permite aprovechar mejor las franjas dedicadas a la formaci\u00f3n y reducir tiempos improductivos.<\/li><li aria-level=\"1\"><b>Apoyo continuo y seguimiento<\/b>: las plataformas digitales facilitan el control del progreso acad\u00e9mico, asegurando que se cumpla el plan formativo con rigor y eficacia.<\/li><li aria-level=\"1\"><b>Mejora en la conciliaci\u00f3n relativa<\/b>: si bien el alumno debe respetar la distribuci\u00f3n horaria pactada, la eliminaci\u00f3n de desplazamientos y la organizaci\u00f3n estructurada de la formaci\u00f3n favorecen un mayor equilibrio entre la jornada laboral, el aprendizaje y la vida personal.<\/li><\/ol><\/div><\/div><\/div><\/div><\/div><\/section>\t\t\t\t\t\t\t\t<\/div>\n\t\t\t\t<\/div>\n\t\t\t\t<\/div>\n\t\t\t\t<\/div>\n\t\t\t\t<\/div>\n\t\t\t\t\t<\/div>\n\t\t\t\t<\/div>\n\t\t<div class=\"elementor-element elementor-element-1a23e0a e-flex e-con-boxed e-con e-parent\" data-id=\"1a23e0a\" data-element_type=\"container\">\n\t\t\t\t\t<div class=\"e-con-inner\">\n\t\t\t\t<div class=\"elementor-element elementor-element-3c466f8 elementor-widget elementor-widget-image\" data-id=\"3c466f8\" data-element_type=\"widget\" data-widget_type=\"image.default\">\n\t\t\t\t<div class=\"elementor-widget-container\">\n\t\t\t\t\t\t\t\t\t\t\t\t\t\t\t<img decoding=\"async\" src=\"https:\/\/abire.es\/nuevaweb\/wp-content\/uploads\/elementor\/thumbs\/Formacion-online-sin-desplazamientos-mas-ventajas-Tu-historia-rei8rwzr4czz3u5c7gyoyp8q6nib5ikdwzldcokrbs.jpg\" title=\"Formaci\u00f3n online sin desplazamientos m\u00e1s ventajas\" alt=\"Formaci\u00f3n online sin desplazamientos m\u00e1s ventajas\" loading=\"lazy\" \/>\t\t\t\t\t\t\t\t\t\t\t\t\t\t\t<\/div>\n\t\t\t\t<\/div>\n\t\t\t\t\t<\/div>\n\t\t\t\t<\/div>\n\t\t<div class=\"elementor-element elementor-element-baea9fc e-flex e-con-boxed e-con e-parent\" data-id=\"baea9fc\" data-element_type=\"container\">\n\t\t\t\t\t<div class=\"e-con-inner\">\n\t\t<div class=\"elementor-element elementor-element-22898e1 e-con-full e-flex elementor-invisible e-con e-child\" data-id=\"22898e1\" data-element_type=\"container\" data-settings=\"{&quot;animation&quot;:&quot;fadeIn&quot;,&quot;animation_delay&quot;:200}\">\n\t\t<div class=\"elementor-element elementor-element-952092e e-con-full e-flex e-con e-child\" data-id=\"952092e\" data-element_type=\"container\">\n\t\t<div class=\"elementor-element elementor-element-4d8e8b4 e-con-full e-flex e-con e-child\" data-id=\"4d8e8b4\" data-element_type=\"container\">\n\t\t\t\t<div class=\"elementor-element elementor-element-2f3ebfe elementor-widget elementor-widget-text-editor\" data-id=\"2f3ebfe\" data-element_type=\"widget\" data-widget_type=\"text-editor.default\">\n\t\t\t\t<div class=\"elementor-widget-container\">\n\t\t\t\t\t\t\t\t\t<p>En definitiva, la formaci\u00f3n online en los contratos de formaci\u00f3n en alternancia constituye una alternativa moderna y eficiente que aporta comodidad, seguridad y accesibilidad, sin menoscabar el cumplimiento de las exigencias legales. La ausencia de desplazamientos, unida a la correcta planificaci\u00f3n horaria, convierte a esta modalidad en la opci\u00f3n id\u00f3nea para trabajadores y empresas.<\/p><p>En\u00a0<b>Abire Formaci\u00f3n<\/b>\u00a0apostamos por este modelo, convencidos de que es la v\u00eda m\u00e1s eficaz para desarrollar competencias profesionales en un entorno adaptado a las necesidades actuales del mercado laboral.<\/p>\t\t\t\t\t\t\t\t<\/div>\n\t\t\t\t<\/div>\n\t\t\t\t<\/div>\n\t\t\t\t<\/div>\n\t\t\t\t<\/div>\n\t\t\t\t\t<\/div>\n\t\t\t\t<\/div>\n\t\t\t\t<\/div>\n\t\t","protected":false},"excerpt":{"rendered":"<p>La formaci\u00f3n online en los contratos de formaci\u00f3n en alternancia: una soluci\u00f3n sin desplazamientos El Contrato de Formaci\u00f3n en Alternancia (CFA)\u00a0constituye una de las herramientas m\u00e1s efectivas para facilitar la inserci\u00f3n laboral, al combinar el desempe\u00f1o profesional con una formaci\u00f3n directamente vinculada al puesto de trabajo. Dentro de este marco, la modalidad online se ha [&hellip;]<\/p>\n","protected":false},"author":1,"featured_media":0,"comment_status":"open","ping_status":"open","sticky":false,"template":"","format":"standard","meta":{"footnotes":""},"categories":[1],"tags":[],"class_list":["post-3861","post","type-post","status-publish","format-standard","hentry","category-sin-categoria"],"_links":{"self":[{"href":"https:\/\/abire.es\/nuevaweb\/wp-json\/wp\/v2\/posts\/3861","targetHints":{"allow":["GET"]}}],"collection":[{"href":"https:\/\/abire.es\/nuevaweb\/wp-json\/wp\/v2\/posts"}],"about":[{"href":"https:\/\/abire.es\/nuevaweb\/wp-json\/wp\/v2\/types\/post"}],"author":[{"embeddable":true,"href":"https:\/\/abire.es\/nuevaweb\/wp-json\/wp\/v2\/users\/1"}],"replies":[{"embeddable":true,"href":"https:\/\/abire.es\/nuevaweb\/wp-json\/wp\/v2\/comments?post=3861"}],"version-history":[{"count":11,"href":"https:\/\/abire.es\/nuevaweb\/wp-json\/wp\/v2\/posts\/3861\/revisions"}],"predecessor-version":[{"id":3875,"href":"https:\/\/abire.es\/nuevaweb\/wp-json\/wp\/v2\/posts\/3861\/revisions\/3875"}],"wp:attachment":[{"href":"https:\/\/abire.es\/nuevaweb\/wp-json\/wp\/v2\/media?parent=3861"}],"wp:term":[{"taxonomy":"category","embeddable":true,"href":"https:\/\/abire.es\/nuevaweb\/wp-json\/wp\/v2\/categories?post=3861"},{"taxonomy":"post_tag","embeddable":true,"href":"https:\/\/abire.es\/nuevaweb\/wp-json\/wp\/v2\/tags?post=3861"}],"curies":[{"name":"wp","href":"https:\/\/api.w.org\/{rel}","templated":true}]}}