{"id":3877,"date":"2025-11-10T16:44:22","date_gmt":"2025-11-10T15:44:22","guid":{"rendered":"https:\/\/abire.es\/nuevaweb\/?p=3877"},"modified":"2025-11-10T16:48:58","modified_gmt":"2025-11-10T15:48:58","slug":"abire_estara_presente_en_hrexpo_2025","status":"publish","type":"post","link":"https:\/\/abire.es\/nuevaweb\/2025\/11\/10\/abire_estara_presente_en_hrexpo_2025\/","title":{"rendered":"Abire estar\u00e1 presente en HR Expo 2025"},"content":{"rendered":"\t\t<div data-elementor-type=\"wp-post\" data-elementor-id=\"3877\" class=\"elementor elementor-3877\" data-elementor-post-type=\"post\">\n\t\t\t\t<div class=\"elementor-element elementor-element-792d498 e-flex e-con-boxed e-con e-parent\" data-id=\"792d498\" data-element_type=\"container\">\n\t\t\t\t\t<div class=\"e-con-inner\">\n\t\t\t\t<div class=\"elementor-element elementor-element-6425aa6 elementor-widget elementor-widget-heading\" data-id=\"6425aa6\" data-element_type=\"widget\" data-widget_type=\"heading.default\">\n\t\t\t\t<div class=\"elementor-widget-container\">\n\t\t\t\t\t<h1 class=\"elementor-heading-title elementor-size-default\">Abire Formaci\u00f3n estar\u00e1 presente en HR Expo 2025: la cita imprescindible para los profesionales de Recursos Humanos\n<\/h1>\t\t\t\t<\/div>\n\t\t\t\t<\/div>\n\t\t\t\t\t<\/div>\n\t\t\t\t<\/div>\n\t\t<div class=\"elementor-element elementor-element-c39f792 e-flex e-con-boxed e-con e-parent\" data-id=\"c39f792\" data-element_type=\"container\">\n\t\t\t\t\t<div class=\"e-con-inner\">\n\t\t\t\t<div class=\"elementor-element elementor-element-09bd533 elementor-widget elementor-widget-post-info\" data-id=\"09bd533\" data-element_type=\"widget\" data-widget_type=\"post-info.default\">\n\t\t\t\t<div class=\"elementor-widget-container\">\n\t\t\t\t\t\t\t<ul class=\"elementor-inline-items elementor-icon-list-items elementor-post-info\">\n\t\t\t\t\t\t\t\t<li class=\"elementor-icon-list-item elementor-repeater-item-84a0993 elementor-inline-item\" itemprop=\"datePublished\">\n\t\t\t\t\t\t<a href=\"https:\/\/abire.es\/nuevaweb\/2025\/11\/10\/\">\n\t\t\t\t\t\t\t\t\t\t\t<span class=\"elementor-icon-list-icon\">\n\t\t\t\t\t\t\t\t<svg aria-hidden=\"true\" class=\"e-font-icon-svg e-fas-calendar\" viewBox=\"0 0 448 512\" xmlns=\"http:\/\/www.w3.org\/2000\/svg\"><path d=\"M12 192h424c6.6 0 12 5.4 12 12v260c0 26.5-21.5 48-48 48H48c-26.5 0-48-21.5-48-48V204c0-6.6 5.4-12 12-12zm436-44v-36c0-26.5-21.5-48-48-48h-48V12c0-6.6-5.4-12-12-12h-40c-6.6 0-12 5.4-12 12v52H160V12c0-6.6-5.4-12-12-12h-40c-6.6 0-12 5.4-12 12v52H48C21.5 64 0 85.5 0 112v36c0 6.6 5.4 12 12 12h424c6.6 0 12-5.4 12-12z\"><\/path><\/svg>\t\t\t\t\t\t\t<\/span>\n\t\t\t\t\t\t\t\t\t<span class=\"elementor-icon-list-text elementor-post-info__item elementor-post-info__item--type-date\">\n\t\t\t\t\t\t\t\t\t\t<time>09\/10\/2025<\/time>\t\t\t\t\t<\/span>\n\t\t\t\t\t\t\t\t\t<\/a>\n\t\t\t\t<\/li>\n\t\t\t\t<\/ul>\n\t\t\t\t\t\t<\/div>\n\t\t\t\t<\/div>\n\t\t\t\t\t<\/div>\n\t\t\t\t<\/div>\n\t\t<div class=\"elementor-element elementor-element-738361a e-flex e-con-boxed e-con e-parent\" data-id=\"738361a\" data-element_type=\"container\">\n\t\t\t\t\t<div class=\"e-con-inner\">\n\t\t<div class=\"elementor-element elementor-element-1e9bbd8 e-con-full e-flex elementor-invisible e-con e-child\" data-id=\"1e9bbd8\" data-element_type=\"container\" data-settings=\"{&quot;animation&quot;:&quot;fadeIn&quot;,&quot;animation_delay&quot;:200}\">\n\t\t<div class=\"elementor-element elementor-element-982ca7e e-con-full e-flex e-con e-child\" data-id=\"982ca7e\" data-element_type=\"container\">\n\t\t<div class=\"elementor-element elementor-element-f5699ae e-con-full e-flex e-con e-child\" data-id=\"f5699ae\" data-element_type=\"container\">\n\t\t\t\t<div class=\"elementor-element elementor-element-102ed2f elementor-widget elementor-widget-text-editor\" data-id=\"102ed2f\" data-element_type=\"widget\" data-widget_type=\"text-editor.default\">\n\t\t\t\t<div class=\"elementor-widget-container\">\n\t\t\t\t\t\t\t\t\t<p><b>HR Expo 2025<\/b>\u00a0se consolida un a\u00f1o m\u00e1s como el\u00a0<b>gran punto de encuentro de los profesionales de los Recursos Humanos, la formaci\u00f3n y el empleo<\/b>. Un espacio donde empresas, entidades formativas y expertos del sector comparten las \u00faltimas tendencias en gesti\u00f3n del talento, digitalizaci\u00f3n y desarrollo profesional.<\/p><p>Desde\u00a0<b>Abire Formaci\u00f3n<\/b>\u00a0estaremos\u00a0 un a\u00f1o m\u00e1s presentes como\u00a0<b>expositores<\/b>\u00a0en esta edici\u00f3n, representando el\u00a0<b>Contrato de Formaci\u00f3n en Alternancia<\/b>, una de las herramientas m\u00e1s eficaces para impulsar la empleabilidad juvenil y favorecer el crecimiento de las empresas, ofreciendo ventajas econ\u00f3micas y bonificaciones\u00a0<b>(cuotas en la Seguridad Social, tutor\u00eda de empresa, formaci\u00f3n 100% bonificada e incentivos por transformaci\u00f3n en indefinido).<\/b><\/p>\t\t\t\t\t\t\t\t<\/div>\n\t\t\t\t<\/div>\n\t\t\t\t<\/div>\n\t\t\t\t<\/div>\n\t\t\t\t<\/div>\n\t\t\t\t\t<\/div>\n\t\t\t\t<\/div>\n\t\t<div class=\"elementor-element elementor-element-4339f88 e-flex e-con-boxed e-con e-parent\" data-id=\"4339f88\" data-element_type=\"container\">\n\t\t\t\t\t<div class=\"e-con-inner\">\n\t\t<div class=\"elementor-element elementor-element-e6b4c6f e-con-full e-flex elementor-invisible e-con e-child\" data-id=\"e6b4c6f\" data-element_type=\"container\" data-settings=\"{&quot;animation&quot;:&quot;fadeIn&quot;,&quot;animation_delay&quot;:200}\">\n\t\t<div class=\"elementor-element elementor-element-dc37aaf e-con-full e-flex e-con e-child\" data-id=\"dc37aaf\" data-element_type=\"container\">\n\t\t<div class=\"elementor-element elementor-element-daaff9c e-con-full e-flex e-con e-child\" data-id=\"daaff9c\" data-element_type=\"container\">\n\t\t\t\t<div class=\"elementor-element elementor-element-e9d2b3d elementor-widget elementor-widget-heading\" data-id=\"e9d2b3d\" data-element_type=\"widget\" data-widget_type=\"heading.default\">\n\t\t\t\t<div class=\"elementor-widget-container\">\n\t\t\t\t\t<h3 class=\"elementor-heading-title elementor-size-default\">\u00bfQu\u00e9 es HR Expo?<\/h3>\t\t\t\t<\/div>\n\t\t\t\t<\/div>\n\t\t\t\t<\/div>\n\t\t\t\t<\/div>\n\t\t\t\t<\/div>\n\t\t\t\t\t<\/div>\n\t\t\t\t<\/div>\n\t\t<div class=\"elementor-element elementor-element-250171a e-flex e-con-boxed e-con e-parent\" data-id=\"250171a\" data-element_type=\"container\">\n\t\t\t\t\t<div class=\"e-con-inner\">\n\t\t<div class=\"elementor-element elementor-element-c69a986 e-con-full e-flex elementor-invisible e-con e-child\" data-id=\"c69a986\" data-element_type=\"container\" data-settings=\"{&quot;animation&quot;:&quot;fadeIn&quot;,&quot;animation_delay&quot;:200}\">\n\t\t<div class=\"elementor-element elementor-element-8f4754d e-con-full e-flex e-con e-child\" data-id=\"8f4754d\" data-element_type=\"container\">\n\t\t<div class=\"elementor-element elementor-element-ecbd0d4 e-con-full e-flex e-con e-child\" data-id=\"ecbd0d4\" data-element_type=\"container\">\n\t\t\t\t<div class=\"elementor-element elementor-element-dfb1757 elementor-widget elementor-widget-text-editor\" data-id=\"dfb1757\" data-element_type=\"widget\" data-widget_type=\"text-editor.default\">\n\t\t\t\t<div class=\"elementor-widget-container\">\n\t\t\t\t\t\t\t\t\t<p>HR Expo es un evento de referencia nacional que re\u00fane durante varios d\u00edas a\u00a0<b>profesionales de RRHH, responsables de formaci\u00f3n, jefes\/as de equipo, consultores y entidades educativas<\/b>. Su objetivo es crear un espacio de aprendizaje, innovaci\u00f3n y networking donde se presentan las soluciones m\u00e1s actuales en materia de\u00a0<b>formaci\u00f3n, selecci\u00f3n, bienestar laboral y talento<\/b>.<\/p><p>El encuentro cuenta con\u00a0<b>ponencias, mesas redondas, talleres y zonas de exposici\u00f3n<\/b>\u00a0donde los asistentes pueden conocer de primera mano las novedades que marcar\u00e1n el futuro del empleo y la gesti\u00f3n de personas.<\/p>\t\t\t\t\t\t\t\t<\/div>\n\t\t\t\t<\/div>\n\t\t\t\t<\/div>\n\t\t\t\t<\/div>\n\t\t\t\t<\/div>\n\t\t\t\t\t<\/div>\n\t\t\t\t<\/div>\n\t\t<div class=\"elementor-element elementor-element-f08288d e-flex e-con-boxed e-con e-parent\" data-id=\"f08288d\" data-element_type=\"container\">\n\t\t\t\t\t<div class=\"e-con-inner\">\n\t\t<div class=\"elementor-element elementor-element-cc02516 e-con-full e-flex elementor-invisible e-con e-child\" data-id=\"cc02516\" data-element_type=\"container\" data-settings=\"{&quot;animation&quot;:&quot;fadeIn&quot;,&quot;animation_delay&quot;:200}\">\n\t\t<div class=\"elementor-element elementor-element-a3e8973 e-con-full e-flex e-con e-child\" data-id=\"a3e8973\" data-element_type=\"container\">\n\t\t<div class=\"elementor-element elementor-element-abbea38 e-con-full e-flex e-con e-child\" data-id=\"abbea38\" data-element_type=\"container\">\n\t\t\t\t<div class=\"elementor-element elementor-element-e27b0bd elementor-widget elementor-widget-heading\" data-id=\"e27b0bd\" data-element_type=\"widget\" data-widget_type=\"heading.default\">\n\t\t\t\t<div class=\"elementor-widget-container\">\n\t\t\t\t\t<h3 class=\"elementor-heading-title elementor-size-default\">\u00bfQu\u00e9 puede aportar Abire Formaci\u00f3n en HR Expo 2025?<\/h3>\t\t\t\t<\/div>\n\t\t\t\t<\/div>\n\t\t\t\t<\/div>\n\t\t\t\t<\/div>\n\t\t\t\t<\/div>\n\t\t\t\t\t<\/div>\n\t\t\t\t<\/div>\n\t\t<div class=\"elementor-element elementor-element-0457dc6 e-flex e-con-boxed e-con e-parent\" data-id=\"0457dc6\" data-element_type=\"container\">\n\t\t\t\t\t<div class=\"e-con-inner\">\n\t\t<div class=\"elementor-element elementor-element-0a7841b e-con-full e-flex elementor-invisible e-con e-child\" data-id=\"0a7841b\" data-element_type=\"container\" data-settings=\"{&quot;animation&quot;:&quot;fadeIn&quot;,&quot;animation_delay&quot;:200}\">\n\t\t<div class=\"elementor-element elementor-element-7df05ae e-con-full e-flex e-con e-child\" data-id=\"7df05ae\" data-element_type=\"container\">\n\t\t<div class=\"elementor-element elementor-element-fde6d91 e-con-full e-flex e-con e-child\" data-id=\"fde6d91\" data-element_type=\"container\">\n\t\t\t\t<div class=\"elementor-element elementor-element-c34ed08 elementor-widget elementor-widget-text-editor\" data-id=\"c34ed08\" data-element_type=\"widget\" data-widget_type=\"text-editor.default\">\n\t\t\t\t<div class=\"elementor-widget-container\">\n\t\t\t\t\t\t\t\t\t<p>Visitar el stand de ABIRE Formaci\u00f3n en HR Expo es una excelente oportunidad para conocer de primera mano c\u00f3mo trabajamos en la\u00a0<b>formaci\u00f3n adaptada a las necesidades del mercado laboral<\/b>.<\/p><p>Desde nuestro espacio en la feria podr\u00e1s:<\/p><ul><li><b>Descubrir c\u00f3mo el Contrato de Formaci\u00f3n en Alternancia puede ayudar a tu empresa<\/b>\u00a0a incorporar talento joven de forma eficiente y con ventajas econ\u00f3micas.<\/li><li aria-level=\"1\"><b>Recibir asesoramiento personalizado<\/b>\u00a0sobre los requisitos, bonificaciones y beneficios de esta modalidad.<\/li><li aria-level=\"1\"><b>Conocer nuestra Agencia de Colocaci\u00f3n<\/b>,especializada en la selecci\u00f3n de perfiles de candidatos\/as con los requisitos adecuados para formalizar contratos de formaci\u00f3n en alternancia.<\/li><li aria-level=\"1\"><b>Resolver todas tus dudas<\/b>\u00a0acerca de las bonificaciones, la formaci\u00f3n vinculada o la compatibilidad con el horario laboral.<\/li><li aria-level=\"1\"><b>Conocer casos reales de \u00e9xito<\/b>\u00a0y experiencias de empresas que ya se benefician de este modelo formativo.<\/li><li aria-level=\"1\"><b>Explorar nuevas oportunidades de colaboraci\u00f3n<\/b>\u00a0con nuestro equipo de especialistas en formaci\u00f3n y empleo.<\/li><\/ul><p>\u00a0<\/p><p>En Abire Formaci\u00f3n creemos firmemente que la formaci\u00f3n es el motor que impulsa el futuro profesional, y por eso nuestra participaci\u00f3n en HR Expo busca\u00a0<b>acercar el Contrato de Formaci\u00f3n en Alternancia a m\u00e1s empresas y asesor\u00edas<\/b>.<\/p>\t\t\t\t\t\t\t\t<\/div>\n\t\t\t\t<\/div>\n\t\t\t\t<\/div>\n\t\t\t\t<\/div>\n\t\t\t\t<\/div>\n\t\t\t\t\t<\/div>\n\t\t\t\t<\/div>\n\t\t<div class=\"elementor-element elementor-element-e392fe5 e-flex e-con-boxed e-con e-parent\" data-id=\"e392fe5\" data-element_type=\"container\">\n\t\t\t\t\t<div class=\"e-con-inner\">\n\t\t<div class=\"elementor-element elementor-element-44979fd e-con-full e-flex elementor-invisible e-con e-child\" data-id=\"44979fd\" data-element_type=\"container\" data-settings=\"{&quot;animation&quot;:&quot;fadeIn&quot;,&quot;animation_delay&quot;:200}\">\n\t\t<div class=\"elementor-element elementor-element-acba9e1 e-con-full e-flex e-con e-child\" data-id=\"acba9e1\" data-element_type=\"container\">\n\t\t<div class=\"elementor-element elementor-element-694f710 e-con-full e-flex e-con e-child\" data-id=\"694f710\" data-element_type=\"container\">\n\t\t\t\t<div class=\"elementor-element elementor-element-f77f366 elementor-widget elementor-widget-heading\" data-id=\"f77f366\" data-element_type=\"widget\" data-widget_type=\"heading.default\">\n\t\t\t\t<div class=\"elementor-widget-container\">\n\t\t\t\t\t<h3 class=\"elementor-heading-title elementor-size-default\">La importancia de estar en HR Expo como expositor<\/h3>\t\t\t\t<\/div>\n\t\t\t\t<\/div>\n\t\t\t\t<\/div>\n\t\t\t\t<\/div>\n\t\t\t\t<\/div>\n\t\t\t\t\t<\/div>\n\t\t\t\t<\/div>\n\t\t<div class=\"elementor-element elementor-element-14ff479 e-flex e-con-boxed e-con e-parent\" data-id=\"14ff479\" data-element_type=\"container\">\n\t\t\t\t\t<div class=\"e-con-inner\">\n\t\t<div class=\"elementor-element elementor-element-61c434b e-con-full e-flex elementor-invisible e-con e-child\" data-id=\"61c434b\" data-element_type=\"container\" data-settings=\"{&quot;animation&quot;:&quot;fadeIn&quot;,&quot;animation_delay&quot;:200}\">\n\t\t<div class=\"elementor-element elementor-element-7511d60 e-con-full e-flex e-con e-child\" data-id=\"7511d60\" data-element_type=\"container\">\n\t\t<div class=\"elementor-element elementor-element-69de12f e-con-full e-flex e-con e-child\" data-id=\"69de12f\" data-element_type=\"container\">\n\t\t\t\t<div class=\"elementor-element elementor-element-46ab8cb elementor-widget elementor-widget-text-editor\" data-id=\"46ab8cb\" data-element_type=\"widget\" data-widget_type=\"text-editor.default\">\n\t\t\t\t<div class=\"elementor-widget-container\">\n\t\t\t\t\t\t\t\t\t<p>Participar como expositor en HR Expo significa\u00a0<b>formar parte activa del ecosistema del talento<\/b>. Es una oportunidad \u00fanica para dar visibilidad a los proyectos, conectar con profesionales del sector, descubrir nuevas sinergias y posicionarse como referente en el \u00e1mbito de la formaci\u00f3n y el empleo.<\/p><p>Para ABIRE Formaci\u00f3n, nuestra presencia en este evento refuerza nuestro compromiso con la\u00a0<b>formaci\u00f3n dual y el impulso de la empleabilidad<\/b>\u00a0a trav\u00e9s del Contrato de Formaci\u00f3n en Alternancia. Estaremos all\u00ed para\u00a0<b>resolver dudas, compartir experiencias y explicar las ventajas reales de esta modalidad<\/b>, tanto para empresas como para j\u00f3venes trabajadores\/as.<\/p>\t\t\t\t\t\t\t\t<\/div>\n\t\t\t\t<\/div>\n\t\t\t\t<\/div>\n\t\t\t\t<\/div>\n\t\t\t\t<\/div>\n\t\t\t\t\t<\/div>\n\t\t\t\t<\/div>\n\t\t<div class=\"elementor-element elementor-element-bd7088b e-flex e-con-boxed e-con e-parent\" data-id=\"bd7088b\" data-element_type=\"container\">\n\t\t\t\t\t<div class=\"e-con-inner\">\n\t\t<div class=\"elementor-element elementor-element-fb3279c e-con-full e-flex elementor-invisible e-con e-child\" data-id=\"fb3279c\" data-element_type=\"container\" data-settings=\"{&quot;animation&quot;:&quot;fadeIn&quot;,&quot;animation_delay&quot;:200}\">\n\t\t<div class=\"elementor-element elementor-element-3257cce e-con-full e-flex e-con e-child\" data-id=\"3257cce\" data-element_type=\"container\">\n\t\t<div class=\"elementor-element elementor-element-afec52c e-con-full e-flex e-con e-child\" data-id=\"afec52c\" data-element_type=\"container\">\n\t\t\t\t<div class=\"elementor-element elementor-element-511ef39 elementor-widget elementor-widget-heading\" data-id=\"511ef39\" data-element_type=\"widget\" data-widget_type=\"heading.default\">\n\t\t\t\t<div class=\"elementor-widget-container\">\n\t\t\t\t\t<h3 class=\"elementor-heading-title elementor-size-default\">Abire Formaci\u00f3n en HR Expo 2025<\/h3>\t\t\t\t<\/div>\n\t\t\t\t<\/div>\n\t\t\t\t<\/div>\n\t\t\t\t<\/div>\n\t\t\t\t<\/div>\n\t\t\t\t\t<\/div>\n\t\t\t\t<\/div>\n\t\t<div class=\"elementor-element elementor-element-9a34b26 e-flex e-con-boxed e-con e-parent\" data-id=\"9a34b26\" data-element_type=\"container\">\n\t\t\t\t\t<div class=\"e-con-inner\">\n\t\t<div class=\"elementor-element elementor-element-e922211 e-con-full e-flex elementor-invisible e-con e-child\" data-id=\"e922211\" data-element_type=\"container\" data-settings=\"{&quot;animation&quot;:&quot;fadeIn&quot;,&quot;animation_delay&quot;:200}\">\n\t\t<div class=\"elementor-element elementor-element-ad0fe9b e-con-full e-flex e-con e-child\" data-id=\"ad0fe9b\" data-element_type=\"container\">\n\t\t<div class=\"elementor-element elementor-element-ff177d7 e-con-full e-flex e-con e-child\" data-id=\"ff177d7\" data-element_type=\"container\">\n\t\t\t\t<div class=\"elementor-element elementor-element-0e60f8b elementor-widget elementor-widget-text-editor\" data-id=\"0e60f8b\" data-element_type=\"widget\" data-widget_type=\"text-editor.default\">\n\t\t\t\t<div class=\"elementor-widget-container\">\n\t\t\t\t\t\t\t\t\t<p>En Abire Formaci\u00f3n llevamos a\u00f1os trabajando para&nbsp;<b>acercar la formaci\u00f3n al mercado laboral<\/b>, creando programas adaptados a las necesidades reales de las empresas y de los j\u00f3venes que buscan una oportunidad de desarrollo profesional.<\/p>\n<p>Nuestra participaci\u00f3n en HR Expo 2025 representa una ocasi\u00f3n perfecta para&nbsp;<b>seguir difundiendo las ventajas del Contrato de Formaci\u00f3n en Alternancia<\/b>&nbsp;y poner en valor su papel en la inserci\u00f3n laboral y la cualificaci\u00f3n de nuevos profesionales.<\/p>\n<p>Si quieres asistir a HR Expo,&nbsp;<a href=\"https:\/\/eventdata.uk\/Forms\/Form.aspx?FormRef=ACSB5esVisitorHR&amp;TrackingCode=HRXGLEANIN&amp;utm_source=gleanin&amp;utm_medium=gleanin-exhibitors&amp;utm_campaign=gleanin-41212&amp;gln_ids=a566156c71-1lxbscn3mwc-51cf0c9231d4\">te invitamos<\/a>&nbsp;a conocernos y&nbsp;<b>visitar nuestro stand<\/b>&nbsp;y conocer de primera mano c\u00f3mo este modelo puede ayudarte a potenciar el crecimiento de tu empresa.<\/p><p><br><\/p>\t\t\t\t\t\t\t\t<\/div>\n\t\t\t\t<\/div>\n\t\t\t\t<\/div>\n\t\t\t\t<\/div>\n\t\t\t\t<\/div>\n\t\t\t\t\t<\/div>\n\t\t\t\t<\/div>\n\t\t\t\t<\/div>\n\t\t","protected":false},"excerpt":{"rendered":"<p>Abire Formaci\u00f3n estar\u00e1 presente en HR Expo 2025: la cita imprescindible para los profesionales de Recursos Humanos HR Expo 2025\u00a0se consolida un a\u00f1o m\u00e1s como el\u00a0gran punto de encuentro de los profesionales de los Recursos Humanos, la formaci\u00f3n y el empleo. Un espacio donde empresas, entidades formativas y expertos del sector comparten las \u00faltimas tendencias [&hellip;]<\/p>\n","protected":false},"author":1,"featured_media":0,"comment_status":"open","ping_status":"open","sticky":false,"template":"","format":"standard","meta":{"footnotes":""},"categories":[1],"tags":[],"class_list":["post-3877","post","type-post","status-publish","format-standard","hentry","category-sin-categoria"],"_links":{"self":[{"href":"https:\/\/abire.es\/nuevaweb\/wp-json\/wp\/v2\/posts\/3877","targetHints":{"allow":["GET"]}}],"collection":[{"href":"https:\/\/abire.es\/nuevaweb\/wp-json\/wp\/v2\/posts"}],"about":[{"href":"https:\/\/abire.es\/nuevaweb\/wp-json\/wp\/v2\/types\/post"}],"author":[{"embeddable":true,"href":"https:\/\/abire.es\/nuevaweb\/wp-json\/wp\/v2\/users\/1"}],"replies":[{"embeddable":true,"href":"https:\/\/abire.es\/nuevaweb\/wp-json\/wp\/v2\/comments?post=3877"}],"version-history":[{"count":8,"href":"https:\/\/abire.es\/nuevaweb\/wp-json\/wp\/v2\/posts\/3877\/revisions"}],"predecessor-version":[{"id":3885,"href":"https:\/\/abire.es\/nuevaweb\/wp-json\/wp\/v2\/posts\/3877\/revisions\/3885"}],"wp:attachment":[{"href":"https:\/\/abire.es\/nuevaweb\/wp-json\/wp\/v2\/media?parent=3877"}],"wp:term":[{"taxonomy":"category","embeddable":true,"href":"https:\/\/abire.es\/nuevaweb\/wp-json\/wp\/v2\/categories?post=3877"},{"taxonomy":"post_tag","embeddable":true,"href":"https:\/\/abire.es\/nuevaweb\/wp-json\/wp\/v2\/tags?post=3877"}],"curies":[{"name":"wp","href":"https:\/\/api.w.org\/{rel}","templated":true}]}}