{"id":3886,"date":"2025-11-10T17:14:33","date_gmt":"2025-11-10T16:14:33","guid":{"rendered":"https:\/\/abire.es\/nuevaweb\/?p=3886"},"modified":"2025-11-10T17:26:21","modified_gmt":"2025-11-10T16:26:21","slug":"contrato_de_formacion_en_alternancia_como_ventaja_estrategica","status":"publish","type":"post","link":"https:\/\/abire.es\/nuevaweb\/2025\/11\/10\/contrato_de_formacion_en_alternancia_como_ventaja_estrategica\/","title":{"rendered":"El Contrato de Formaci\u00f3n en Alternancia como Ahorro Estrat\u00e9gico"},"content":{"rendered":"\t\t<div data-elementor-type=\"wp-post\" data-elementor-id=\"3886\" class=\"elementor elementor-3886\" data-elementor-post-type=\"post\">\n\t\t\t\t<div class=\"elementor-element elementor-element-e6e2ee3 e-flex e-con-boxed e-con e-parent\" data-id=\"e6e2ee3\" data-element_type=\"container\">\n\t\t\t\t\t<div class=\"e-con-inner\">\n\t\t\t\t<div class=\"elementor-element elementor-element-0b3d161 elementor-widget elementor-widget-heading\" data-id=\"0b3d161\" data-element_type=\"widget\" data-widget_type=\"heading.default\">\n\t\t\t\t<div class=\"elementor-widget-container\">\n\t\t\t\t\t<h1 class=\"elementor-heading-title elementor-size-default\">El contrato de formaci\u00f3n en alternancia como ventaja estrat\u00e9gica. Contrata ahora y llega al Black Friday con tu equipo formado<\/h1>\t\t\t\t<\/div>\n\t\t\t\t<\/div>\n\t\t\t\t\t<\/div>\n\t\t\t\t<\/div>\n\t\t<div class=\"elementor-element elementor-element-33b47c9 e-flex e-con-boxed e-con e-parent\" data-id=\"33b47c9\" data-element_type=\"container\">\n\t\t\t\t\t<div class=\"e-con-inner\">\n\t\t\t\t<div class=\"elementor-element elementor-element-46ddaa0 elementor-widget elementor-widget-post-info\" data-id=\"46ddaa0\" data-element_type=\"widget\" data-widget_type=\"post-info.default\">\n\t\t\t\t<div class=\"elementor-widget-container\">\n\t\t\t\t\t\t\t<ul class=\"elementor-inline-items elementor-icon-list-items elementor-post-info\">\n\t\t\t\t\t\t\t\t<li class=\"elementor-icon-list-item elementor-repeater-item-84a0993 elementor-inline-item\" itemprop=\"datePublished\">\n\t\t\t\t\t\t<a href=\"https:\/\/abire.es\/nuevaweb\/2025\/11\/10\/\">\n\t\t\t\t\t\t\t\t\t\t\t<span class=\"elementor-icon-list-icon\">\n\t\t\t\t\t\t\t\t<svg aria-hidden=\"true\" class=\"e-font-icon-svg e-fas-calendar\" viewBox=\"0 0 448 512\" xmlns=\"http:\/\/www.w3.org\/2000\/svg\"><path d=\"M12 192h424c6.6 0 12 5.4 12 12v260c0 26.5-21.5 48-48 48H48c-26.5 0-48-21.5-48-48V204c0-6.6 5.4-12 12-12zm436-44v-36c0-26.5-21.5-48-48-48h-48V12c0-6.6-5.4-12-12-12h-40c-6.6 0-12 5.4-12 12v52H160V12c0-6.6-5.4-12-12-12h-40c-6.6 0-12 5.4-12 12v52H48C21.5 64 0 85.5 0 112v36c0 6.6 5.4 12 12 12h424c6.6 0 12-5.4 12-12z\"><\/path><\/svg>\t\t\t\t\t\t\t<\/span>\n\t\t\t\t\t\t\t\t\t<span class=\"elementor-icon-list-text elementor-post-info__item elementor-post-info__item--type-date\">\n\t\t\t\t\t\t\t\t\t\t<time>24\/10\/2025<\/time>\t\t\t\t\t<\/span>\n\t\t\t\t\t\t\t\t\t<\/a>\n\t\t\t\t<\/li>\n\t\t\t\t<\/ul>\n\t\t\t\t\t\t<\/div>\n\t\t\t\t<\/div>\n\t\t\t\t\t<\/div>\n\t\t\t\t<\/div>\n\t\t<div class=\"elementor-element elementor-element-dda44b4 e-flex e-con-boxed e-con e-parent\" data-id=\"dda44b4\" data-element_type=\"container\">\n\t\t\t\t\t<div class=\"e-con-inner\">\n\t\t<div class=\"elementor-element elementor-element-988334f e-con-full e-flex elementor-invisible e-con e-child\" data-id=\"988334f\" data-element_type=\"container\" data-settings=\"{&quot;animation&quot;:&quot;fadeIn&quot;,&quot;animation_delay&quot;:200}\">\n\t\t<div class=\"elementor-element elementor-element-15b82aa e-con-full e-flex e-con e-child\" data-id=\"15b82aa\" data-element_type=\"container\">\n\t\t<div class=\"elementor-element elementor-element-0529a11 e-con-full e-flex e-con e-child\" data-id=\"0529a11\" data-element_type=\"container\">\n\t\t\t\t<div class=\"elementor-element elementor-element-d470c78 elementor-widget elementor-widget-text-editor\" data-id=\"d470c78\" data-element_type=\"widget\" data-widget_type=\"text-editor.default\">\n\t\t\t\t<div class=\"elementor-widget-container\">\n\t\t\t\t\t\t\t\t\t<p>En el mundo empresarial, hay momentos del a\u00f1o en los que la demanda de personal se dispara:\u00a0<b>Black Friday<\/b>, la campa\u00f1a de\u00a0<b>Navidad<\/b>, eventos especiales como el\u00a0<b>puente de la Constituci\u00f3n<\/b>, las\u00a0<b>Rebajas<\/b>\u00a0y las primeras campa\u00f1as del a\u00f1o.\u00a0Cada a\u00f1o se repite la misma situaci\u00f3n: m\u00e1s carga de trabajo, m\u00e1s contrataciones y m\u00e1s gasto.<\/p><p>El reto para muchas empresas es responder a ese aumento de trabajo sin que los costes laborales se disparen con cada contrataci\u00f3n temporal.<\/p><p>Aqu\u00ed es donde el\u00a0<b>Contrato de Formaci\u00f3n en Alternancia (CFA)<\/b>\u00a0se presenta como\u00a0la mejor estrategia\u00a0\u00a0para disponer de personal formado a tu medida, durante un per\u00edodo de\u00a0<b>hasta<\/b>\u00a0<b>2 a\u00f1os<\/b>, capaz de cubrir todos\u00a0<b>los picos de trabaj<\/b><strong>o<\/strong>\u00a0sin multiplicar los costes, garantizando formaci\u00f3n para el trabajador y\u00a0<b>ahorro para la empresa<\/b>.<\/p>\t\t\t\t\t\t\t\t<\/div>\n\t\t\t\t<\/div>\n\t\t\t\t<\/div>\n\t\t\t\t<\/div>\n\t\t\t\t<\/div>\n\t\t\t\t\t<\/div>\n\t\t\t\t<\/div>\n\t\t<div class=\"elementor-element elementor-element-946e331 e-con-full e-flex e-con e-parent\" data-id=\"946e331\" data-element_type=\"container\">\n\t\t<div class=\"elementor-element elementor-element-c1f20c7 e-con-full e-flex elementor-invisible e-con e-child\" data-id=\"c1f20c7\" data-element_type=\"container\" data-settings=\"{&quot;animation&quot;:&quot;fadeIn&quot;,&quot;animation_delay&quot;:200}\">\n\t\t<div class=\"elementor-element elementor-element-77cd264 e-con-full e-flex e-con e-child\" data-id=\"77cd264\" data-element_type=\"container\">\n\t\t<div class=\"elementor-element elementor-element-6fd815b e-con-full e-flex e-con e-child\" data-id=\"6fd815b\" data-element_type=\"container\">\n\t\t\t\t<div class=\"elementor-element elementor-element-dbd5538 elementor-widget elementor-widget-heading\" data-id=\"dbd5538\" data-element_type=\"widget\" data-widget_type=\"heading.default\">\n\t\t\t\t<div class=\"elementor-widget-container\">\n\t\t\t\t\t<h3 class=\"elementor-heading-title elementor-size-default\">El problema de las contrataciones estacionales tradicionales<\/h3>\t\t\t\t<\/div>\n\t\t\t\t<\/div>\n\t\t\t\t<\/div>\n\t\t\t\t<\/div>\n\t\t\t\t<\/div>\n\t\t\t\t<\/div>\n\t\t<div class=\"elementor-element elementor-element-0c79130 e-flex e-con-boxed e-con e-parent\" data-id=\"0c79130\" data-element_type=\"container\">\n\t\t\t\t\t<div class=\"e-con-inner\">\n\t\t<div class=\"elementor-element elementor-element-48dec16 e-con-full e-flex elementor-invisible e-con e-child\" data-id=\"48dec16\" data-element_type=\"container\" data-settings=\"{&quot;animation&quot;:&quot;fadeIn&quot;,&quot;animation_delay&quot;:200}\">\n\t\t<div class=\"elementor-element elementor-element-3340a4e e-con-full e-flex e-con e-child\" data-id=\"3340a4e\" data-element_type=\"container\">\n\t\t<div class=\"elementor-element elementor-element-a5cd57b e-con-full e-flex e-con e-child\" data-id=\"a5cd57b\" data-element_type=\"container\">\n\t\t\t\t<div class=\"elementor-element elementor-element-f02806c elementor-widget elementor-widget-text-editor\" data-id=\"f02806c\" data-element_type=\"widget\" data-widget_type=\"text-editor.default\">\n\t\t\t\t<div class=\"elementor-widget-container\">\n\t\t\t\t\t\t\t\t\t<p>En contrataciones temporales convencionales, cada alta y baja de una persona\u00a0 trabajadora implica:<\/p><ul><li aria-level=\"1\">Tr\u00e1mites administrativos repetitivos.<\/li><li aria-level=\"1\">Limitaciones en las opciones de contrataci\u00f3n a fijos discontinuos o contrataciones por circunstancias de la producci\u00f3n con causas tasadas.<\/li><li aria-level=\"1\">Ausencia de bonificaciones relevantes.<\/li><\/ul>\t\t\t\t\t\t\t\t<\/div>\n\t\t\t\t<\/div>\n\t\t\t\t<\/div>\n\t\t\t\t<\/div>\n\t\t\t\t<\/div>\n\t\t\t\t\t<\/div>\n\t\t\t\t<\/div>\n\t\t<div class=\"elementor-element elementor-element-2f5d62a e-flex e-con-boxed e-con e-parent\" data-id=\"2f5d62a\" data-element_type=\"container\">\n\t\t\t\t\t<div class=\"e-con-inner\">\n\t\t<div class=\"elementor-element elementor-element-d36306e e-con-full e-flex elementor-invisible e-con e-child\" data-id=\"d36306e\" data-element_type=\"container\" data-settings=\"{&quot;animation&quot;:&quot;fadeIn&quot;,&quot;animation_delay&quot;:200}\">\n\t\t<div class=\"elementor-element elementor-element-d0c04e5 e-con-full e-flex e-con e-child\" data-id=\"d0c04e5\" data-element_type=\"container\">\n\t\t<div class=\"elementor-element elementor-element-f8ef93f e-con-full e-flex e-con e-child\" data-id=\"f8ef93f\" data-element_type=\"container\">\n\t\t\t\t<div class=\"elementor-element elementor-element-9c5e8f3 elementor-widget elementor-widget-heading\" data-id=\"9c5e8f3\" data-element_type=\"widget\" data-widget_type=\"heading.default\">\n\t\t\t\t<div class=\"elementor-widget-container\">\n\t\t\t\t\t<h3 class=\"elementor-heading-title elementor-size-default\">La soluci\u00f3n: el CFA como alternativa inteligente<\/h3>\t\t\t\t<\/div>\n\t\t\t\t<\/div>\n\t\t\t\t<\/div>\n\t\t\t\t<\/div>\n\t\t\t\t<\/div>\n\t\t\t\t\t<\/div>\n\t\t\t\t<\/div>\n\t\t<div class=\"elementor-element elementor-element-4d721ef e-flex e-con-boxed e-con e-parent\" data-id=\"4d721ef\" data-element_type=\"container\">\n\t\t\t\t\t<div class=\"e-con-inner\">\n\t\t<div class=\"elementor-element elementor-element-2e4a819 e-con-full e-flex elementor-invisible e-con e-child\" data-id=\"2e4a819\" data-element_type=\"container\" data-settings=\"{&quot;animation&quot;:&quot;fadeIn&quot;,&quot;animation_delay&quot;:200}\">\n\t\t<div class=\"elementor-element elementor-element-7c60e43 e-con-full e-flex e-con e-child\" data-id=\"7c60e43\" data-element_type=\"container\">\n\t\t<div class=\"elementor-element elementor-element-d4602f0 e-con-full e-flex e-con e-child\" data-id=\"d4602f0\" data-element_type=\"container\">\n\t\t\t\t<div class=\"elementor-element elementor-element-84e6b25 elementor-widget elementor-widget-text-editor\" data-id=\"84e6b25\" data-element_type=\"widget\" data-widget_type=\"text-editor.default\">\n\t\t\t\t<div class=\"elementor-widget-container\">\n\t\t\t\t\t\t\t\t\t<p>En lugar de esperar a \u00faltima hora para contratar personal de refuerzo,\u00a0<b>el momento clave es ahora<\/b>. Formalizar hoy un contrato de formaci\u00f3n en alternancia te permite que, cuando llegue la campa\u00f1a del Black Friday, la plantilla ya est\u00e9 formada, integrada y preparada para rendir al m\u00e1ximo.<\/p><p>Y lo mejor: esa misma\u00a0 persona trabajadora podr\u00e1 mantenerse contigo; adem\u00e1s de en las sucesivas campa\u00f1as, durante todo el ciclo anual, sin necesidad de nuevas altas, bajas ni costes duplicados.<\/p>\t\t\t\t\t\t\t\t<\/div>\n\t\t\t\t<\/div>\n\t\t\t\t<\/div>\n\t\t\t\t<\/div>\n\t\t\t\t<\/div>\n\t\t\t\t\t<\/div>\n\t\t\t\t<\/div>\n\t\t<div class=\"elementor-element elementor-element-ef04156 e-flex e-con-boxed e-con e-parent\" data-id=\"ef04156\" data-element_type=\"container\">\n\t\t\t\t\t<div class=\"e-con-inner\">\n\t\t<div class=\"elementor-element elementor-element-650a802 e-con-full e-flex elementor-invisible e-con e-child\" data-id=\"650a802\" data-element_type=\"container\" data-settings=\"{&quot;animation&quot;:&quot;fadeIn&quot;,&quot;animation_delay&quot;:200}\">\n\t\t<div class=\"elementor-element elementor-element-cab4b68 e-con-full e-flex e-con e-child\" data-id=\"cab4b68\" data-element_type=\"container\">\n\t\t<div class=\"elementor-element elementor-element-40ab9fd e-con-full e-flex e-con e-child\" data-id=\"40ab9fd\" data-element_type=\"container\">\n\t\t\t\t<div class=\"elementor-element elementor-element-6e8fd7c elementor-widget elementor-widget-heading\" data-id=\"6e8fd7c\" data-element_type=\"widget\" data-widget_type=\"heading.default\">\n\t\t\t\t<div class=\"elementor-widget-container\">\n\t\t\t\t\t<h3 class=\"elementor-heading-title elementor-size-default\">Olv\u00eddate del modelo de contrataci\u00f3n \u201cpor campa\u00f1as\u201d<\/h3>\t\t\t\t<\/div>\n\t\t\t\t<\/div>\n\t\t\t\t<\/div>\n\t\t\t\t<\/div>\n\t\t\t\t<\/div>\n\t\t\t\t\t<\/div>\n\t\t\t\t<\/div>\n\t\t<div class=\"elementor-element elementor-element-c1b16c5 e-flex e-con-boxed e-con e-parent\" data-id=\"c1b16c5\" data-element_type=\"container\">\n\t\t\t\t\t<div class=\"e-con-inner\">\n\t\t<div class=\"elementor-element elementor-element-e797874 e-con-full e-flex elementor-invisible e-con e-child\" data-id=\"e797874\" data-element_type=\"container\" data-settings=\"{&quot;animation&quot;:&quot;fadeIn&quot;,&quot;animation_delay&quot;:200}\">\n\t\t<div class=\"elementor-element elementor-element-dbf001f e-con-full e-flex e-con e-child\" data-id=\"dbf001f\" data-element_type=\"container\">\n\t\t<div class=\"elementor-element elementor-element-9269215 e-con-full e-flex e-con e-child\" data-id=\"9269215\" data-element_type=\"container\">\n\t\t\t\t<div class=\"elementor-element elementor-element-9d3633a elementor-widget elementor-widget-text-editor\" data-id=\"9d3633a\" data-element_type=\"widget\" data-widget_type=\"text-editor.default\">\n\t\t\t\t<div class=\"elementor-widget-container\">\n\t\t\t\t\t\t\t\t\t<p>El\u00a0<b>Contrato de Formaci\u00f3n en Alternancia<\/b>\u00a0es la f\u00f3rmula para incorporar talento que crece con tu empresa, sin asumir los costes de un contrato convencional.<\/p><p>Para la empresa, supone:<\/p><ul><li aria-level=\"1\">Bonificaci\u00f3n de 119 \u20ac en las cuotas de la Seguridad Social\u00a0<i>(91 \u20ac a cargo de la empresa, y 28 \u20ac, a cargo de la persona trabajadora)<\/i>.<\/li><li aria-level=\"1\">Bonificaci\u00f3n de 60 \u20ac\/ 80 \u20ac por el desempe\u00f1o de las funciones de tutor\u00eda en la empresa, seg\u00fan el tama\u00f1o de la empresa.<\/li><li aria-level=\"1\">Formaci\u00f3n 100 % bonificable<\/li><li aria-level=\"1\">Posibilidad de contratar desde\u00a0<b>3 meses hasta 2 a\u00f1os<\/b>\u00a0<i>(perfecto para cubrir campa\u00f1as prolongadas o enlazadas).<\/i><i><br \/><br \/><\/i><\/li><\/ul><p>En lugar de cortar y rehacer contratos para cada campa\u00f1a, se puede mantener al mismo trabajador con CFA durante varias temporadas seguidas, evitando el coste de nuevas altas\/bajas y asegurando que el personal est\u00e9 formado y adaptado.<\/p>\t\t\t\t\t\t\t\t<\/div>\n\t\t\t\t<\/div>\n\t\t\t\t<\/div>\n\t\t\t\t<\/div>\n\t\t\t\t<\/div>\n\t\t\t\t\t<\/div>\n\t\t\t\t<\/div>\n\t\t<div class=\"elementor-element elementor-element-840bb73 e-flex e-con-boxed e-con e-parent\" data-id=\"840bb73\" data-element_type=\"container\">\n\t\t\t\t\t<div class=\"e-con-inner\">\n\t\t<div class=\"elementor-element elementor-element-875c206 e-con-full e-flex elementor-invisible e-con e-child\" data-id=\"875c206\" data-element_type=\"container\" data-settings=\"{&quot;animation&quot;:&quot;fadeIn&quot;,&quot;animation_delay&quot;:200}\">\n\t\t<div class=\"elementor-element elementor-element-57987ca e-con-full e-flex e-con e-child\" data-id=\"57987ca\" data-element_type=\"container\">\n\t\t<div class=\"elementor-element elementor-element-f8e1ba5 e-con-full e-flex e-con e-child\" data-id=\"f8e1ba5\" data-element_type=\"container\">\n\t\t\t\t<div class=\"elementor-element elementor-element-9b2c1c6 elementor-widget elementor-widget-heading\" data-id=\"9b2c1c6\" data-element_type=\"widget\" data-widget_type=\"heading.default\">\n\t\t\t\t<div class=\"elementor-widget-container\">\n\t\t\t\t\t<h3 class=\"elementor-heading-title elementor-size-default\">Caso pr\u00e1ctico: campa\u00f1a enlazada sin sobrecoste<\/h3>\t\t\t\t<\/div>\n\t\t\t\t<\/div>\n\t\t\t\t<\/div>\n\t\t\t\t<\/div>\n\t\t\t\t<\/div>\n\t\t\t\t\t<\/div>\n\t\t\t\t<\/div>\n\t\t<div class=\"elementor-element elementor-element-f5dc2ba e-flex e-con-boxed e-con e-parent\" data-id=\"f5dc2ba\" data-element_type=\"container\">\n\t\t\t\t\t<div class=\"e-con-inner\">\n\t\t<div class=\"elementor-element elementor-element-62b0e25 e-con-full e-flex elementor-invisible e-con e-child\" data-id=\"62b0e25\" data-element_type=\"container\" data-settings=\"{&quot;animation&quot;:&quot;fadeIn&quot;,&quot;animation_delay&quot;:200}\">\n\t\t<div class=\"elementor-element elementor-element-8c78003 e-con-full e-flex e-con e-child\" data-id=\"8c78003\" data-element_type=\"container\">\n\t\t<div class=\"elementor-element elementor-element-f0e65a3 e-con-full e-flex e-con e-child\" data-id=\"f0e65a3\" data-element_type=\"container\">\n\t\t\t\t<div class=\"elementor-element elementor-element-74013c1 elementor-widget elementor-widget-text-editor\" data-id=\"74013c1\" data-element_type=\"widget\" data-widget_type=\"text-editor.default\">\n\t\t\t\t<div class=\"elementor-widget-container\">\n\t\t\t\t\t\t\t\t\t<p>Una tienda de moda con picos en:<\/p><ul><li aria-level=\"1\"><b>Black Friday<\/b>\u00a0(noviembre)<\/li><li aria-level=\"1\"><b>Puente de diciembre<\/b><b><br \/><\/b><\/li><li aria-level=\"1\"><b>Campa\u00f1a de Navidad<\/b>\u00a0(diciembre-enero)<\/li><li aria-level=\"1\"><b>Rebajas<\/b>\u00a0(enero-febrero)<\/li><li aria-level=\"1\"><strong>Campa\u00f1a de Primavera<\/strong><\/li><li aria-level=\"1\"><strong>Rebajas de verano<\/strong><\/li><li aria-level=\"1\"><strong>Campa\u00f1a \u00abvuelta al cole\u00bb<\/strong><\/li><li aria-level=\"1\"><strong>Black Friday\u00a0<\/strong>(noviembre)<\/li><\/ul><p>En lugar de hacer varios contratos temporales con sus correspondientes altas y bajas y sus diferentes cotizaciones,\u00a0<b>opta por un CFA desde octubre\/noviembre hasta 2 a\u00f1os de duraci\u00f3n<\/b>,\u00a0<b>prorrogable por per\u00edodos m\u00ednimos de 3 meses.<\/b><\/p><p>Resultado:\u00a0 \u00ab<b>Menos rotaci\u00f3n. M\u00e1s productividad. M\u00e1s ahorro\u00bb<\/b><\/p><ul><li aria-level=\"1\">Ahorro en cuotas de la Seguridad Social.<\/li><li aria-level=\"1\">Trabajador\/a formado\/a seg\u00fan las necesidades de tu negocio\u00a0 en ventas, atenci\u00f3n al cliente y gesti\u00f3n de stock, sin costes.<\/li><li aria-level=\"1\"><b>Menos rotaci\u00f3n<\/b>: mantener a la misma persona trabajadora durante varias campa\u00f1as evita tiempo y coste de formaci\u00f3n inicial.<\/li><li aria-level=\"1\"><b>Mayor productividad<\/b>: el\/la trabajador\/a permanece en la empresa acumulando experiencia\u00a0<\/li><li aria-level=\"1\">Continuidad en la calidad del servicio al cliente.<\/li><li aria-level=\"1\"><b>Opci\u00f3n de conversi\u00f3n a indefinido<\/b>: si el perfil encaja, puedes beneficiarte de una bonificaci\u00f3n adicional de\u00a0<b>1.536 \u20ac\/a\u00f1o<\/b>\u00a0(hombre) o\u00a0<b>1.764 \u20ac\/a\u00f1o<\/b>\u00a0(mujer) durante 3 a\u00f1os.<\/li><\/ul><p>Conclusi\u00f3n:\u00a0\u00ab<b>Menos gasto. M\u00e1s valor\u00bb<\/b><\/p><p>El CFA adem\u00e1s de ahorrar en campa\u00f1as estacionales, es una\u00a0<b>inversi\u00f3n en talento<\/b>\u00a0que aporta continuidad, motivaci\u00f3n y formaci\u00f3n al equipo.<\/p><p>Para sectores como retail, log\u00edstica o atenci\u00f3n al cliente, es una estrategia que permite afrontar picos de trabajo\u00a0<b>sin que el presupuesto se dispare<\/b>.<\/p>\t\t\t\t\t\t\t\t<\/div>\n\t\t\t\t<\/div>\n\t\t\t\t<\/div>\n\t\t\t\t<\/div>\n\t\t\t\t<\/div>\n\t\t\t\t\t<\/div>\n\t\t\t\t<\/div>\n\t\t<div class=\"elementor-element elementor-element-1a9ba19 e-flex e-con-boxed e-con e-parent\" data-id=\"1a9ba19\" data-element_type=\"container\">\n\t\t\t\t\t<div class=\"e-con-inner\">\n\t\t<div class=\"elementor-element elementor-element-7f0e078 e-con-full e-flex elementor-invisible e-con e-child\" data-id=\"7f0e078\" data-element_type=\"container\" data-settings=\"{&quot;animation&quot;:&quot;fadeIn&quot;,&quot;animation_delay&quot;:200}\">\n\t\t<div class=\"elementor-element elementor-element-6159e80 e-con-full e-flex e-con e-child\" data-id=\"6159e80\" data-element_type=\"container\">\n\t\t<div class=\"elementor-element elementor-element-0be2f22 e-con-full e-flex e-con e-child\" data-id=\"0be2f22\" data-element_type=\"container\">\n\t\t\t\t<div class=\"elementor-element elementor-element-6ef9c00 elementor-widget elementor-widget-heading\" data-id=\"6ef9c00\" data-element_type=\"widget\" data-widget_type=\"heading.default\">\n\t\t\t\t<div class=\"elementor-widget-container\">\n\t\t\t\t\t<h3 class=\"elementor-heading-title elementor-size-default\">\u00bfC\u00f3mo puede ayudarte Abire?<\/h3>\t\t\t\t<\/div>\n\t\t\t\t<\/div>\n\t\t\t\t<\/div>\n\t\t\t\t<\/div>\n\t\t\t\t<\/div>\n\t\t\t\t\t<\/div>\n\t\t\t\t<\/div>\n\t\t<div class=\"elementor-element elementor-element-3d58fc4 e-flex e-con-boxed e-con e-parent\" data-id=\"3d58fc4\" data-element_type=\"container\">\n\t\t\t\t\t<div class=\"e-con-inner\">\n\t\t<div class=\"elementor-element elementor-element-5c1c0c2 e-con-full e-flex elementor-invisible e-con e-child\" data-id=\"5c1c0c2\" data-element_type=\"container\" data-settings=\"{&quot;animation&quot;:&quot;fadeIn&quot;,&quot;animation_delay&quot;:200}\">\n\t\t<div class=\"elementor-element elementor-element-2b4d109 e-con-full e-flex e-con e-child\" data-id=\"2b4d109\" data-element_type=\"container\">\n\t\t<div class=\"elementor-element elementor-element-3b19ee9 e-con-full e-flex e-con e-child\" data-id=\"3b19ee9\" data-element_type=\"container\">\n\t\t\t\t<div class=\"elementor-element elementor-element-0f58983 elementor-widget elementor-widget-text-editor\" data-id=\"0f58983\" data-element_type=\"widget\" data-widget_type=\"text-editor.default\">\n\t\t\t\t<div class=\"elementor-widget-container\">\n\t\t\t\t\t\t\t\t\t<p>En\u00a0<b>Abire Asesores<\/b>\u00a0nos encargamos de todo el proceso:<\/p><ul><li aria-level=\"1\">Selecci\u00f3n del perfil adecuado<\/li><li aria-level=\"1\">Gesti\u00f3n administrativa e informaci\u00f3n sobre las bonificaciones<\/li><li aria-level=\"1\">Seguimiento de la formaci\u00f3n y el contrato<br \/><br \/><\/li><\/ul><p><b>Prepara tus campa\u00f1as con una estrategia que ahorra costes y mejora tu equipo con una visi\u00f3n m\u00e1s integral de tu negocio<\/b><\/p>\t\t\t\t\t\t\t\t<\/div>\n\t\t\t\t<\/div>\n\t\t\t\t<\/div>\n\t\t\t\t<\/div>\n\t\t\t\t<\/div>\n\t\t\t\t\t<\/div>\n\t\t\t\t<\/div>\n\t\t\t\t<\/div>\n\t\t","protected":false},"excerpt":{"rendered":"<p>El contrato de formaci\u00f3n en alternancia como ventaja estrat\u00e9gica. Contrata ahora y llega al Black Friday con tu equipo formado En el mundo empresarial, hay momentos del a\u00f1o en los que la demanda de personal se dispara:\u00a0Black Friday, la campa\u00f1a de\u00a0Navidad, eventos especiales como el\u00a0puente de la Constituci\u00f3n, las\u00a0Rebajas\u00a0y las primeras campa\u00f1as del a\u00f1o.\u00a0Cada a\u00f1o [&hellip;]<\/p>\n","protected":false},"author":1,"featured_media":0,"comment_status":"open","ping_status":"open","sticky":false,"template":"","format":"standard","meta":{"footnotes":""},"categories":[1],"tags":[],"class_list":["post-3886","post","type-post","status-publish","format-standard","hentry","category-sin-categoria"],"_links":{"self":[{"href":"https:\/\/abire.es\/nuevaweb\/wp-json\/wp\/v2\/posts\/3886","targetHints":{"allow":["GET"]}}],"collection":[{"href":"https:\/\/abire.es\/nuevaweb\/wp-json\/wp\/v2\/posts"}],"about":[{"href":"https:\/\/abire.es\/nuevaweb\/wp-json\/wp\/v2\/types\/post"}],"author":[{"embeddable":true,"href":"https:\/\/abire.es\/nuevaweb\/wp-json\/wp\/v2\/users\/1"}],"replies":[{"embeddable":true,"href":"https:\/\/abire.es\/nuevaweb\/wp-json\/wp\/v2\/comments?post=3886"}],"version-history":[{"count":9,"href":"https:\/\/abire.es\/nuevaweb\/wp-json\/wp\/v2\/posts\/3886\/revisions"}],"predecessor-version":[{"id":3896,"href":"https:\/\/abire.es\/nuevaweb\/wp-json\/wp\/v2\/posts\/3886\/revisions\/3896"}],"wp:attachment":[{"href":"https:\/\/abire.es\/nuevaweb\/wp-json\/wp\/v2\/media?parent=3886"}],"wp:term":[{"taxonomy":"category","embeddable":true,"href":"https:\/\/abire.es\/nuevaweb\/wp-json\/wp\/v2\/categories?post=3886"},{"taxonomy":"post_tag","embeddable":true,"href":"https:\/\/abire.es\/nuevaweb\/wp-json\/wp\/v2\/tags?post=3886"}],"curies":[{"name":"wp","href":"https:\/\/api.w.org\/{rel}","templated":true}]}}