{"id":3942,"date":"2025-12-15T12:53:07","date_gmt":"2025-12-15T11:53:07","guid":{"rendered":"https:\/\/abire.es\/nuevaweb\/?p=3942"},"modified":"2025-12-22T12:00:22","modified_gmt":"2025-12-22T11:00:22","slug":"el_gobierno_impulsa_el_contrato_de_formacion_en_alternancia","status":"publish","type":"post","link":"https:\/\/abire.es\/nuevaweb\/2025\/12\/15\/el_gobierno_impulsa_el_contrato_de_formacion_en_alternancia\/","title":{"rendered":"El Gobierno pone fin a las pr\u00e1cticas abusivas de los \u201cbecarios\u201d y apuesta por el Contrato de Formaci\u00f3n en Alternancia para modernizar el empleo y el tejido productivo espa\u00f1ol"},"content":{"rendered":"\t\t<div data-elementor-type=\"wp-post\" data-elementor-id=\"3942\" class=\"elementor elementor-3942\" data-elementor-post-type=\"post\">\n\t\t\t\t<div class=\"elementor-element elementor-element-4f32ba7 e-flex e-con-boxed e-con e-parent\" data-id=\"4f32ba7\" data-element_type=\"container\">\n\t\t\t\t\t<div class=\"e-con-inner\">\n\t\t\t\t<div class=\"elementor-element elementor-element-9a057ff elementor-widget elementor-widget-heading\" data-id=\"9a057ff\" data-element_type=\"widget\" data-widget_type=\"heading.default\">\n\t\t\t\t<div class=\"elementor-widget-container\">\n\t\t\t\t\t<h1 class=\"elementor-heading-title elementor-size-default\">El Gobierno pone fin a las pr\u00e1cticas abusivas de los \u201cbecarios\u201d y apuesta por el Contrato de Formaci\u00f3n en Alternancia para modernizar el empleo y el tejido productivo espa\u00f1ol<\/h1>\t\t\t\t<\/div>\n\t\t\t\t<\/div>\n\t\t\t\t\t<\/div>\n\t\t\t\t<\/div>\n\t\t<div class=\"elementor-element elementor-element-e716488 e-flex e-con-boxed e-con e-parent\" data-id=\"e716488\" data-element_type=\"container\">\n\t\t\t\t\t<div class=\"e-con-inner\">\n\t\t\t\t<div class=\"elementor-element elementor-element-6dc4456 elementor-widget elementor-widget-post-info\" data-id=\"6dc4456\" data-element_type=\"widget\" data-widget_type=\"post-info.default\">\n\t\t\t\t<div class=\"elementor-widget-container\">\n\t\t\t\t\t\t\t<ul class=\"elementor-inline-items elementor-icon-list-items elementor-post-info\">\n\t\t\t\t\t\t\t\t<li class=\"elementor-icon-list-item elementor-repeater-item-84a0993 elementor-inline-item\" itemprop=\"datePublished\">\n\t\t\t\t\t\t<a href=\"https:\/\/abire.es\/nuevaweb\/2025\/12\/15\/\">\n\t\t\t\t\t\t\t\t\t\t\t<span class=\"elementor-icon-list-icon\">\n\t\t\t\t\t\t\t\t<svg aria-hidden=\"true\" class=\"e-font-icon-svg e-fas-calendar\" viewBox=\"0 0 448 512\" xmlns=\"http:\/\/www.w3.org\/2000\/svg\"><path d=\"M12 192h424c6.6 0 12 5.4 12 12v260c0 26.5-21.5 48-48 48H48c-26.5 0-48-21.5-48-48V204c0-6.6 5.4-12 12-12zm436-44v-36c0-26.5-21.5-48-48-48h-48V12c0-6.6-5.4-12-12-12h-40c-6.6 0-12 5.4-12 12v52H160V12c0-6.6-5.4-12-12-12h-40c-6.6 0-12 5.4-12 12v52H48C21.5 64 0 85.5 0 112v36c0 6.6 5.4 12 12 12h424c6.6 0 12-5.4 12-12z\"><\/path><\/svg>\t\t\t\t\t\t\t<\/span>\n\t\t\t\t\t\t\t\t\t<span class=\"elementor-icon-list-text elementor-post-info__item elementor-post-info__item--type-date\">\n\t\t\t\t\t\t\t\t\t\t<time>26\/11\/2025<\/time>\t\t\t\t\t<\/span>\n\t\t\t\t\t\t\t\t\t<\/a>\n\t\t\t\t<\/li>\n\t\t\t\t<\/ul>\n\t\t\t\t\t\t<\/div>\n\t\t\t\t<\/div>\n\t\t\t\t\t<\/div>\n\t\t\t\t<\/div>\n\t\t<div class=\"elementor-element elementor-element-7287084 e-flex e-con-boxed e-con e-parent\" data-id=\"7287084\" data-element_type=\"container\">\n\t\t\t\t\t<div class=\"e-con-inner\">\n\t\t<div class=\"elementor-element elementor-element-071bdc9 e-con-full e-flex elementor-invisible e-con e-child\" data-id=\"071bdc9\" data-element_type=\"container\" data-settings=\"{&quot;animation&quot;:&quot;fadeIn&quot;,&quot;animation_delay&quot;:200}\">\n\t\t<div class=\"elementor-element elementor-element-d4ba054 e-con-full e-flex e-con e-child\" data-id=\"d4ba054\" data-element_type=\"container\">\n\t\t<div class=\"elementor-element elementor-element-d226860 e-con-full e-flex e-con e-child\" data-id=\"d226860\" data-element_type=\"container\">\n\t\t\t\t<div class=\"elementor-element elementor-element-b9c3837 elementor-widget elementor-widget-text-editor\" data-id=\"b9c3837\" data-element_type=\"widget\" data-widget_type=\"text-editor.default\">\n\t\t\t\t<div class=\"elementor-widget-container\">\n\t\t\t\t\t\t\t\t\t<p><i><b>El mensaje del Gobierno es claro: la puerta de entrada al empleo ya no ser\u00e1n pr\u00e1cticas precarias, sino contratos formativos con derechos.<\/b><\/i><\/p><p class=\"western\" align=\"justify\">La reciente comparecencia de la Vicepresidenta segunda del Gobierno, Yolanda D\u00edaz, tras el Consejo de Ministros de ayer 25 de noviembre, marca un punto de inflexi\u00f3n en la regulaci\u00f3n de la formaci\u00f3n en el empleo.<\/p><p class=\"western\" align=\"justify\">Con el desarrollo reglamentario de los contratos formativos y la clara intenci\u00f3n de eliminar pr\u00e1cticas formativas abusivas, el Gobierno\u00a0<b>impulsa el\u00a0<a href=\"https:\/\/abire.es\/2022\/11\/24\/seguridad-social-contratos-de-formacion\/\">Contrato de Formaci\u00f3n en Alternancia<\/a>\u00a0y\u00a0<\/b>consolida un modelo que prioriza la formaci\u00f3n real, la protecci\u00f3n jur\u00eddica y el desarrollo de talento interno,<b>\u00a0<\/b>basado en derechos, profesionalidad y aut\u00e9ntica capacitaci\u00f3n.<\/p><p class=\"western\" align=\"justify\">Para las empresas, esta regulaci\u00f3n clarifica el marco legal y supone una oportunidad para captar y formar perfiles adaptados a sus necesidades. Para quienes inician su trayectoria profesional, supone acceder a un aprendizaje remunerado, tutelado y con posibilidades de continuidad real.<\/p>\t\t\t\t\t\t\t\t<\/div>\n\t\t\t\t<\/div>\n\t\t\t\t<\/div>\n\t\t\t\t<\/div>\n\t\t\t\t<\/div>\n\t\t\t\t\t<\/div>\n\t\t\t\t<\/div>\n\t\t<div class=\"elementor-element elementor-element-96e6616 e-flex e-con-boxed e-con e-parent\" data-id=\"96e6616\" data-element_type=\"container\">\n\t\t\t\t\t<div class=\"e-con-inner\">\n\t\t<div class=\"elementor-element elementor-element-a81c5f4 e-con-full e-flex elementor-invisible e-con e-child\" data-id=\"a81c5f4\" data-element_type=\"container\" data-settings=\"{&quot;animation&quot;:&quot;fadeIn&quot;,&quot;animation_delay&quot;:200}\">\n\t\t<div class=\"elementor-element elementor-element-369afc1 e-con-full e-flex e-con e-child\" data-id=\"369afc1\" data-element_type=\"container\">\n\t\t<div class=\"elementor-element elementor-element-d19c8e9 e-con-full e-flex e-con e-child\" data-id=\"d19c8e9\" data-element_type=\"container\">\n\t\t\t\t<div class=\"elementor-element elementor-element-5640616 elementor-widget elementor-widget-heading\" data-id=\"5640616\" data-element_type=\"widget\" data-widget_type=\"heading.default\">\n\t\t\t\t<div class=\"elementor-widget-container\">\n\t\t\t\t\t<h3 class=\"elementor-heading-title elementor-size-default\">Contexto y foco de la reforma<\/h3>\t\t\t\t<\/div>\n\t\t\t\t<\/div>\n\t\t\t\t<\/div>\n\t\t\t\t<\/div>\n\t\t\t\t<\/div>\n\t\t\t\t\t<\/div>\n\t\t\t\t<\/div>\n\t\t<div class=\"elementor-element elementor-element-0d66b09 e-flex e-con-boxed e-con e-parent\" data-id=\"0d66b09\" data-element_type=\"container\">\n\t\t\t\t\t<div class=\"e-con-inner\">\n\t\t<div class=\"elementor-element elementor-element-b766575 e-con-full e-flex elementor-invisible e-con e-child\" data-id=\"b766575\" data-element_type=\"container\" data-settings=\"{&quot;animation&quot;:&quot;fadeIn&quot;,&quot;animation_delay&quot;:200}\">\n\t\t<div class=\"elementor-element elementor-element-94ec105 e-con-full e-flex e-con e-child\" data-id=\"94ec105\" data-element_type=\"container\">\n\t\t<div class=\"elementor-element elementor-element-1c5cce7 e-con-full e-flex e-con e-child\" data-id=\"1c5cce7\" data-element_type=\"container\">\n\t\t\t\t<div class=\"elementor-element elementor-element-e22d6ed elementor-widget elementor-widget-text-editor\" data-id=\"e22d6ed\" data-element_type=\"widget\" data-widget_type=\"text-editor.default\">\n\t\t\t\t<div class=\"elementor-widget-container\">\n\t\t\t\t\t\t\t\t\t<p class=\"western\" align=\"left\">El nuevo Real Decreto, alineado con la reforma laboral de 2022, pretende desterrar pr\u00e1cticas extendidas durante a\u00f1os bajo la figura de \u201cbecarios\u201d, sin remuneraci\u00f3n suficiente o sin derechos efectivos, como v\u00eda de sustituci\u00f3n de puestos estructurales o de mano de obra de bajo coste.<\/p><p class=\"western\" align=\"left\">De forma expresa, se abandona un modelo basado en becas insuficientemente reguladas para consolidar el\u00a0<strong>contrato formativo<\/strong>\u00a0como la herramienta leg\u00edtima y eficaz para la cualificaci\u00f3n en la empresa.<\/p><p class=\"western\" align=\"left\">La ministra de Trabajo lo ha expresado con firmeza:<br \/><strong>\u201cSe acab\u00f3 sustituir trabajadores y trabajadoras. Se acab\u00f3 pagar con propinas.\u201d<\/strong><\/p><p class=\"western\" align=\"left\">Pero m\u00e1s all\u00e1 del mensaje pol\u00edtico, la clave t\u00e9cnica de esta reforma reside en reforzar el\u00a0<strong>contrato de formaci\u00f3n en alternancia<\/strong>\u00a0como instrumento principal para la cualificaci\u00f3n en la empresa y en limitar las pr\u00e1cticas no laborales que han dado lugar a abusos.<\/p>\t\t\t\t\t\t\t\t<\/div>\n\t\t\t\t<\/div>\n\t\t\t\t<\/div>\n\t\t\t\t<\/div>\n\t\t\t\t<\/div>\n\t\t\t\t\t<\/div>\n\t\t\t\t<\/div>\n\t\t<div class=\"elementor-element elementor-element-42a3c04 e-flex e-con-boxed e-con e-parent\" data-id=\"42a3c04\" data-element_type=\"container\">\n\t\t\t\t\t<div class=\"e-con-inner\">\n\t\t<div class=\"elementor-element elementor-element-4744770 e-con-full e-flex elementor-invisible e-con e-child\" data-id=\"4744770\" data-element_type=\"container\" data-settings=\"{&quot;animation&quot;:&quot;fadeIn&quot;,&quot;animation_delay&quot;:200}\">\n\t\t<div class=\"elementor-element elementor-element-6da3d8d e-con-full e-flex e-con e-child\" data-id=\"6da3d8d\" data-element_type=\"container\">\n\t\t<div class=\"elementor-element elementor-element-47c162d e-con-full e-flex e-con e-child\" data-id=\"47c162d\" data-element_type=\"container\">\n\t\t\t\t<div class=\"elementor-element elementor-element-557a3cf elementor-widget elementor-widget-heading\" data-id=\"557a3cf\" data-element_type=\"widget\" data-widget_type=\"heading.default\">\n\t\t\t\t<div class=\"elementor-widget-container\">\n\t\t\t\t\t<h3 class=\"elementor-heading-title elementor-size-default\">Ventajas reforzadas del contrato formativo<\/h3>\t\t\t\t<\/div>\n\t\t\t\t<\/div>\n\t\t\t\t<\/div>\n\t\t\t\t<\/div>\n\t\t\t\t<\/div>\n\t\t\t\t\t<\/div>\n\t\t\t\t<\/div>\n\t\t<div class=\"elementor-element elementor-element-e208872 e-flex e-con-boxed e-con e-parent\" data-id=\"e208872\" data-element_type=\"container\">\n\t\t\t\t\t<div class=\"e-con-inner\">\n\t\t<div class=\"elementor-element elementor-element-8ef8c75 e-con-full e-flex elementor-invisible e-con e-child\" data-id=\"8ef8c75\" data-element_type=\"container\" data-settings=\"{&quot;animation&quot;:&quot;fadeIn&quot;,&quot;animation_delay&quot;:200}\">\n\t\t<div class=\"elementor-element elementor-element-da3ae40 e-con-full e-flex e-con e-child\" data-id=\"da3ae40\" data-element_type=\"container\">\n\t\t<div class=\"elementor-element elementor-element-e307056 e-con-full e-flex e-con e-child\" data-id=\"e307056\" data-element_type=\"container\">\n\t\t\t\t<div class=\"elementor-element elementor-element-51a2c8d elementor-widget elementor-widget-text-editor\" data-id=\"51a2c8d\" data-element_type=\"widget\" data-widget_type=\"text-editor.default\">\n\t\t\t\t<div class=\"elementor-widget-container\">\n\t\t\t\t\t\t\t\t\t<p class=\"western\" align=\"left\">El marco jur\u00eddico consolida garant\u00edas ya existentes \u2014remuneraci\u00f3n conforme al SMI, prohibici\u00f3n de horas extraordinarias, nocturnidad o turnos\u2014, pero sobre todo\u00a0<strong>refuerza y destaca la ventaja competitiva del contrato formativo frente a las<\/strong><strong>\u00a0pr\u00e1cticas en empresas<\/strong>:<\/p><ul><li><p class=\"western\" align=\"left\">Aporta\u00a0<strong>vinculaci\u00f3n laboral real<\/strong>, derechos, cotizaci\u00f3n y estabilidad.<\/p><\/li><li><p class=\"western\" align=\"left\">Garantiza una\u00a0<strong>formaci\u00f3n estructurada<\/strong>, con un plan formativo individual y seguimiento.<\/p><\/li><li><p class=\"western\" align=\"left\">Evita los riesgos sancionadores derivados del uso indebido de becas o pr\u00e1cticas informales.<\/p><\/li><li><p class=\"western\" align=\"left\">Permite\u00a0<strong>retener talento<\/strong>, ya que la persona aprende espec\u00edficamente para el puesto y para la empresa.<\/p><\/li><li><p class=\"western\" align=\"left\">Ofrece\u00a0<strong>seguridad jur\u00eddica<\/strong>, al ser la figura preferente para la inserci\u00f3n laboral de j\u00f3venes y personas en cualificaci\u00f3n.<\/p><\/li><\/ul>\t\t\t\t\t\t\t\t<\/div>\n\t\t\t\t<\/div>\n\t\t\t\t<\/div>\n\t\t\t\t<\/div>\n\t\t\t\t<\/div>\n\t\t\t\t\t<\/div>\n\t\t\t\t<\/div>\n\t\t<div class=\"elementor-element elementor-element-f072b6b e-flex e-con-boxed e-con e-parent\" data-id=\"f072b6b\" data-element_type=\"container\">\n\t\t\t\t\t<div class=\"e-con-inner\">\n\t\t<div class=\"elementor-element elementor-element-4500889 e-con-full e-flex elementor-invisible e-con e-child\" data-id=\"4500889\" data-element_type=\"container\" data-settings=\"{&quot;animation&quot;:&quot;fadeIn&quot;,&quot;animation_delay&quot;:200}\">\n\t\t<div class=\"elementor-element elementor-element-0ae0057 e-con-full e-flex e-con e-child\" data-id=\"0ae0057\" data-element_type=\"container\">\n\t\t<div class=\"elementor-element elementor-element-559fbe3 e-con-full e-flex e-con e-child\" data-id=\"559fbe3\" data-element_type=\"container\">\n\t\t\t\t<div class=\"elementor-element elementor-element-0c026ea elementor-widget elementor-widget-heading\" data-id=\"0c026ea\" data-element_type=\"widget\" data-widget_type=\"heading.default\">\n\t\t\t\t<div class=\"elementor-widget-container\">\n\t\t\t\t\t<h3 class=\"elementor-heading-title elementor-size-default\">La novedad relevante: l\u00edmite de contratos formativos por centro de trabajo<\/h3>\t\t\t\t<\/div>\n\t\t\t\t<\/div>\n\t\t\t\t<\/div>\n\t\t\t\t<\/div>\n\t\t\t\t<\/div>\n\t\t\t\t\t<\/div>\n\t\t\t\t<\/div>\n\t\t\t\t<\/div>\n\t\t","protected":false},"excerpt":{"rendered":"<p>El Gobierno pone fin a las pr\u00e1cticas abusivas de los \u201cbecarios\u201d y apuesta por el Contrato de Formaci\u00f3n en Alternancia para modernizar el empleo y el tejido productivo espa\u00f1ol El mensaje del Gobierno es claro: la puerta de entrada al empleo ya no ser\u00e1n pr\u00e1cticas precarias, sino contratos formativos con derechos. La reciente comparecencia de [&hellip;]<\/p>\n","protected":false},"author":1,"featured_media":0,"comment_status":"open","ping_status":"open","sticky":false,"template":"","format":"standard","meta":{"footnotes":""},"categories":[1],"tags":[],"class_list":["post-3942","post","type-post","status-publish","format-standard","hentry","category-sin-categoria"],"_links":{"self":[{"href":"https:\/\/abire.es\/nuevaweb\/wp-json\/wp\/v2\/posts\/3942","targetHints":{"allow":["GET"]}}],"collection":[{"href":"https:\/\/abire.es\/nuevaweb\/wp-json\/wp\/v2\/posts"}],"about":[{"href":"https:\/\/abire.es\/nuevaweb\/wp-json\/wp\/v2\/types\/post"}],"author":[{"embeddable":true,"href":"https:\/\/abire.es\/nuevaweb\/wp-json\/wp\/v2\/users\/1"}],"replies":[{"embeddable":true,"href":"https:\/\/abire.es\/nuevaweb\/wp-json\/wp\/v2\/comments?post=3942"}],"version-history":[{"count":5,"href":"https:\/\/abire.es\/nuevaweb\/wp-json\/wp\/v2\/posts\/3942\/revisions"}],"predecessor-version":[{"id":3947,"href":"https:\/\/abire.es\/nuevaweb\/wp-json\/wp\/v2\/posts\/3942\/revisions\/3947"}],"wp:attachment":[{"href":"https:\/\/abire.es\/nuevaweb\/wp-json\/wp\/v2\/media?parent=3942"}],"wp:term":[{"taxonomy":"category","embeddable":true,"href":"https:\/\/abire.es\/nuevaweb\/wp-json\/wp\/v2\/categories?post=3942"},{"taxonomy":"post_tag","embeddable":true,"href":"https:\/\/abire.es\/nuevaweb\/wp-json\/wp\/v2\/tags?post=3942"}],"curies":[{"name":"wp","href":"https:\/\/api.w.org\/{rel}","templated":true}]}}