{"id":3948,"date":"2025-12-15T13:08:55","date_gmt":"2025-12-15T12:08:55","guid":{"rendered":"https:\/\/abire.es\/nuevaweb\/?p=3948"},"modified":"2025-12-15T13:16:42","modified_gmt":"2025-12-15T12:16:42","slug":"aplazamiento_entrada_en_vigor_verifactu","status":"publish","type":"post","link":"https:\/\/abire.es\/nuevaweb\/2025\/12\/15\/aplazamiento_entrada_en_vigor_verifactu\/","title":{"rendered":"Aplazamiento de la entrada en vigor de Verifactu: m\u00e1s tiempo para adaptarse  (y formarse)"},"content":{"rendered":"\t\t<div data-elementor-type=\"wp-post\" data-elementor-id=\"3948\" class=\"elementor elementor-3948\" data-elementor-post-type=\"post\">\n\t\t\t\t<div class=\"elementor-element elementor-element-729abda e-flex e-con-boxed e-con e-parent\" data-id=\"729abda\" data-element_type=\"container\">\n\t\t\t\t\t<div class=\"e-con-inner\">\n\t\t\t\t<div class=\"elementor-element elementor-element-c325a78 elementor-widget elementor-widget-heading\" data-id=\"c325a78\" data-element_type=\"widget\" data-widget_type=\"heading.default\">\n\t\t\t\t<div class=\"elementor-widget-container\">\n\t\t\t\t\t<h1 class=\"elementor-heading-title elementor-size-default\">Aplazamiento de la entrada en vigor de Verifactu: m\u00e1s tiempo para adaptarse\n (y formarse)<\/h1>\t\t\t\t<\/div>\n\t\t\t\t<\/div>\n\t\t\t\t\t<\/div>\n\t\t\t\t<\/div>\n\t\t<div class=\"elementor-element elementor-element-bbab747 e-flex e-con-boxed e-con e-parent\" data-id=\"bbab747\" data-element_type=\"container\">\n\t\t\t\t\t<div class=\"e-con-inner\">\n\t\t\t\t<div class=\"elementor-element elementor-element-6b97552 elementor-widget elementor-widget-post-info\" data-id=\"6b97552\" data-element_type=\"widget\" data-widget_type=\"post-info.default\">\n\t\t\t\t<div class=\"elementor-widget-container\">\n\t\t\t\t\t\t\t<ul class=\"elementor-inline-items elementor-icon-list-items elementor-post-info\">\n\t\t\t\t\t\t\t\t<li class=\"elementor-icon-list-item elementor-repeater-item-84a0993 elementor-inline-item\" itemprop=\"datePublished\">\n\t\t\t\t\t\t<a href=\"https:\/\/abire.es\/nuevaweb\/2025\/12\/15\/\">\n\t\t\t\t\t\t\t\t\t\t\t<span class=\"elementor-icon-list-icon\">\n\t\t\t\t\t\t\t\t<svg aria-hidden=\"true\" class=\"e-font-icon-svg e-fas-calendar\" viewBox=\"0 0 448 512\" xmlns=\"http:\/\/www.w3.org\/2000\/svg\"><path d=\"M12 192h424c6.6 0 12 5.4 12 12v260c0 26.5-21.5 48-48 48H48c-26.5 0-48-21.5-48-48V204c0-6.6 5.4-12 12-12zm436-44v-36c0-26.5-21.5-48-48-48h-48V12c0-6.6-5.4-12-12-12h-40c-6.6 0-12 5.4-12 12v52H160V12c0-6.6-5.4-12-12-12h-40c-6.6 0-12 5.4-12 12v52H48C21.5 64 0 85.5 0 112v36c0 6.6 5.4 12 12 12h424c6.6 0 12-5.4 12-12z\"><\/path><\/svg>\t\t\t\t\t\t\t<\/span>\n\t\t\t\t\t\t\t\t\t<span class=\"elementor-icon-list-text elementor-post-info__item elementor-post-info__item--type-date\">\n\t\t\t\t\t\t\t\t\t\t<time>3\/12\/2025<\/time>\t\t\t\t\t<\/span>\n\t\t\t\t\t\t\t\t\t<\/a>\n\t\t\t\t<\/li>\n\t\t\t\t<\/ul>\n\t\t\t\t\t\t<\/div>\n\t\t\t\t<\/div>\n\t\t\t\t\t<\/div>\n\t\t\t\t<\/div>\n\t\t<div class=\"elementor-element elementor-element-315fd75 e-flex e-con-boxed e-con e-parent\" data-id=\"315fd75\" data-element_type=\"container\">\n\t\t\t\t\t<div class=\"e-con-inner\">\n\t\t<div class=\"elementor-element elementor-element-50ec492 e-con-full e-flex elementor-invisible e-con e-child\" data-id=\"50ec492\" data-element_type=\"container\" data-settings=\"{&quot;animation&quot;:&quot;fadeIn&quot;,&quot;animation_delay&quot;:200}\">\n\t\t<div class=\"elementor-element elementor-element-6142f80 e-con-full e-flex e-con e-child\" data-id=\"6142f80\" data-element_type=\"container\">\n\t\t<div class=\"elementor-element elementor-element-e0ae9da e-con-full e-flex e-con e-child\" data-id=\"e0ae9da\" data-element_type=\"container\">\n\t\t\t\t<div class=\"elementor-element elementor-element-285e0f5 elementor-widget elementor-widget-text-editor\" data-id=\"285e0f5\" data-element_type=\"widget\" data-widget_type=\"text-editor.default\">\n\t\t\t\t<div class=\"elementor-widget-container\">\n\t\t\t\t\t\t\t\t\t<p>Se ha publicado un nuevo\u00a0<a href=\"https:\/\/boe.es\/boe\/dias\/2025\/12\/03\/pdfs\/BOE-A-2025-24446.pdf\"><strong>Real Decreto ley 15\/2025, 2 de diciembre<\/strong><\/a>, que modifica de manera sustancial el calendario previsto para la entrada en vigor del\u00a0<strong>Reglamento de Requisitos de los Sistemas de Facturaci\u00f3n<\/strong>, conocido como\u00a0<strong>Reglamento Verifactu<\/strong>\u00a0(Real Decreto 1007\/2023).<br \/>La medida consiste en\u00a0<strong>ampliar un a\u00f1o el plazo de aplicaci\u00f3n obligatoria<\/strong>\u00a0para empresas y aut\u00f3nomos.<br \/>Este retraso afecta directamente a miles de\u00a0<strong>pymes<\/strong>, aut\u00f3nomos, asesor\u00edas y proveedores tecnol\u00f3gicos que ya hab\u00edan iniciado procesos de adaptaci\u00f3n. Analizamos las novedades con perspectiva t\u00e9cnica y sus implicaciones pr\u00e1cticas.<\/p>\t\t\t\t\t\t\t\t<\/div>\n\t\t\t\t<\/div>\n\t\t\t\t<\/div>\n\t\t\t\t<\/div>\n\t\t\t\t<\/div>\n\t\t\t\t\t<\/div>\n\t\t\t\t<\/div>\n\t\t<div class=\"elementor-element elementor-element-779868f e-flex e-con-boxed e-con e-parent\" data-id=\"779868f\" data-element_type=\"container\">\n\t\t\t\t\t<div class=\"e-con-inner\">\n\t\t<div class=\"elementor-element elementor-element-6a05027 e-con-full e-flex elementor-invisible e-con e-child\" data-id=\"6a05027\" data-element_type=\"container\" data-settings=\"{&quot;animation&quot;:&quot;fadeIn&quot;,&quot;animation_delay&quot;:200}\">\n\t\t<div class=\"elementor-element elementor-element-6cfc72e e-con-full e-flex e-con e-child\" data-id=\"6cfc72e\" data-element_type=\"container\">\n\t\t<div class=\"elementor-element elementor-element-03485c0 e-con-full e-flex e-con e-child\" data-id=\"03485c0\" data-element_type=\"container\">\n\t\t\t\t<div class=\"elementor-element elementor-element-fbb4a72 elementor-widget elementor-widget-heading\" data-id=\"fbb4a72\" data-element_type=\"widget\" data-widget_type=\"heading.default\">\n\t\t\t\t<div class=\"elementor-widget-container\">\n\t\t\t\t\t<h3 class=\"elementor-heading-title elementor-size-default\">\u00bfQu\u00e9 es Verifactu?<\/h3>\t\t\t\t<\/div>\n\t\t\t\t<\/div>\n\t\t\t\t<\/div>\n\t\t\t\t<\/div>\n\t\t\t\t<\/div>\n\t\t\t\t\t<\/div>\n\t\t\t\t<\/div>\n\t\t<div class=\"elementor-element elementor-element-902447b e-flex e-con-boxed e-con e-parent\" data-id=\"902447b\" data-element_type=\"container\">\n\t\t\t\t\t<div class=\"e-con-inner\">\n\t\t<div class=\"elementor-element elementor-element-b8bd4f3 e-con-full e-flex elementor-invisible e-con e-child\" data-id=\"b8bd4f3\" data-element_type=\"container\" data-settings=\"{&quot;animation&quot;:&quot;fadeIn&quot;,&quot;animation_delay&quot;:200}\">\n\t\t<div class=\"elementor-element elementor-element-d74f51f e-con-full e-flex e-con e-child\" data-id=\"d74f51f\" data-element_type=\"container\">\n\t\t<div class=\"elementor-element elementor-element-27704c9 e-con-full e-flex e-con e-child\" data-id=\"27704c9\" data-element_type=\"container\">\n\t\t\t\t<div class=\"elementor-element elementor-element-ddd51a5 elementor-widget elementor-widget-text-editor\" data-id=\"ddd51a5\" data-element_type=\"widget\" data-widget_type=\"text-editor.default\">\n\t\t\t\t<div class=\"elementor-widget-container\">\n\t\t\t\t\t\t\t\t\t<p>Llevar un registro manual o en hojas de c\u00e1lculo ya no es una soluci\u00f3n viable. Adem\u00e1s de ser propenso a errores, no garantiza el cumplimiento normativo ni ofrece datos \u00fatiles para la gesti\u00f3n. Un\u00a0<b>software de control horario<\/b>\u00a0como Jobday permite:<\/p><ul><li aria-level=\"1\"><b>Cumplir f\u00e1cilmente la normativa<\/b>\u00a0del registro de jornada, evitando sanciones.<\/li><li aria-level=\"1\"><b>Registrar entradas, salidas y pausas<\/b>\u00a0desde cualquier dispositivo, incluso fuera del centro de trabajo.<\/li><li aria-level=\"1\"><b>Controlar la jornada en tiempo real<\/b>, con informes claros y accesibles.<\/li><li aria-level=\"1\"><b>Analizar datos<\/b>\u00a0para mejorar la planificaci\u00f3n y la productividad del equipo.<\/li><li aria-level=\"1\"><b>Simplificar la gesti\u00f3n<\/b>\u00a0de vacaciones, ausencias y turnos rotativos.<\/li><\/ul><p>Implementar una herramienta como Jobday no solo garantiza el cumplimiento legal, sino que tambi\u00e9n\u00a0<b>reduce la carga administrativa<\/b>\u00a0y\u00a0<b>mejora la toma de decisiones<\/b>\u00a0gracias a la informaci\u00f3n que proporciona.<\/p>\t\t\t\t\t\t\t\t<\/div>\n\t\t\t\t<\/div>\n\t\t\t\t<\/div>\n\t\t\t\t<\/div>\n\t\t\t\t<\/div>\n\t\t\t\t\t<\/div>\n\t\t\t\t<\/div>\n\t\t<div class=\"elementor-element elementor-element-3ec52fa e-flex e-con-boxed e-con e-parent\" data-id=\"3ec52fa\" data-element_type=\"container\">\n\t\t\t\t\t<div class=\"e-con-inner\">\n\t\t<div class=\"elementor-element elementor-element-8bc9d10 e-con-full e-flex elementor-invisible e-con e-child\" data-id=\"8bc9d10\" data-element_type=\"container\" data-settings=\"{&quot;animation&quot;:&quot;fadeIn&quot;,&quot;animation_delay&quot;:200}\">\n\t\t<div class=\"elementor-element elementor-element-dd3a26d e-con-full e-flex e-con e-child\" data-id=\"dd3a26d\" data-element_type=\"container\">\n\t\t<div class=\"elementor-element elementor-element-ad48fff e-con-full e-flex e-con e-child\" data-id=\"ad48fff\" data-element_type=\"container\">\n\t\t\t\t<div class=\"elementor-element elementor-element-6dda923 elementor-widget elementor-widget-heading\" data-id=\"6dda923\" data-element_type=\"widget\" data-widget_type=\"heading.default\">\n\t\t\t\t<div class=\"elementor-widget-container\">\n\t\t\t\t\t<h3 class=\"elementor-heading-title elementor-size-default\">Nuevas fechas de entrada en vigor<\/h3>\t\t\t\t<\/div>\n\t\t\t\t<\/div>\n\t\t\t\t<\/div>\n\t\t\t\t<\/div>\n\t\t\t\t<\/div>\n\t\t\t\t\t<\/div>\n\t\t\t\t<\/div>\n\t\t<div class=\"elementor-element elementor-element-3bc94b0 e-flex e-con-boxed e-con e-parent\" data-id=\"3bc94b0\" data-element_type=\"container\">\n\t\t\t\t\t<div class=\"e-con-inner\">\n\t\t<div class=\"elementor-element elementor-element-aaf652a e-con-full e-flex elementor-invisible e-con e-child\" data-id=\"aaf652a\" data-element_type=\"container\" data-settings=\"{&quot;animation&quot;:&quot;fadeIn&quot;,&quot;animation_delay&quot;:200}\">\n\t\t<div class=\"elementor-element elementor-element-afe7552 e-con-full e-flex e-con e-child\" data-id=\"afe7552\" data-element_type=\"container\">\n\t\t<div class=\"elementor-element elementor-element-b3ffe96 e-con-full e-flex e-con e-child\" data-id=\"b3ffe96\" data-element_type=\"container\">\n\t\t\t\t<div class=\"elementor-element elementor-element-ce01f7a elementor-widget elementor-widget-text-editor\" data-id=\"ce01f7a\" data-element_type=\"widget\" data-widget_type=\"text-editor.default\">\n\t\t\t\t<div class=\"elementor-widget-container\">\n\t\t\t\t\t\t\t\t\t<p class=\"western\" align=\"left\">El Real Decreto-ley aprobado hoy establece un nuevo calendario:<\/p><h4 class=\"western\" align=\"left\"><span id=\"Empresas_contribuyentes_del_Impuesto_sobre_Sociedades\" class=\"ez-toc-section\"><\/span><em>Empresas contribuyentes del Impuesto sobre Sociedades:<\/em><\/h4><p class=\"western\" align=\"left\">Fecha original:\u00a0<strong>1 de enero de 2026<\/strong><br \/><strong>Nueva fecha: 1 de enero de 2027<\/strong><\/p><h4 class=\"western\" align=\"left\"><span id=\"Resto_de_empresas_pymes_y_autonomos\" class=\"ez-toc-section\"><\/span><em>Resto de empresas, pymes y aut\u00f3nomos:<\/em><\/h4><p class=\"western\" align=\"left\">Fecha original:\u00a0<strong>1 de julio de 2026<\/strong><br \/><strong>Nueva fecha: 1 de julio de 2027<\/strong><br \/>La norma busca que la transici\u00f3n se realice con garant\u00edas t\u00e9cnicas, evitando implementaciones incompletas, precipitaci\u00f3n o incompatibilidades.<\/p>\t\t\t\t\t\t\t\t<\/div>\n\t\t\t\t<\/div>\n\t\t\t\t<\/div>\n\t\t\t\t<\/div>\n\t\t\t\t<\/div>\n\t\t\t\t\t<\/div>\n\t\t\t\t<\/div>\n\t\t<div class=\"elementor-element elementor-element-0c77525 e-flex e-con-boxed e-con e-parent\" data-id=\"0c77525\" data-element_type=\"container\">\n\t\t\t\t\t<div class=\"e-con-inner\">\n\t\t<div class=\"elementor-element elementor-element-cb89f74 e-con-full e-flex elementor-invisible e-con e-child\" data-id=\"cb89f74\" data-element_type=\"container\" data-settings=\"{&quot;animation&quot;:&quot;fadeIn&quot;,&quot;animation_delay&quot;:200}\">\n\t\t<div class=\"elementor-element elementor-element-c594f40 e-con-full e-flex e-con e-child\" data-id=\"c594f40\" data-element_type=\"container\">\n\t\t<div class=\"elementor-element elementor-element-f9aa81e e-con-full e-flex e-con e-child\" data-id=\"f9aa81e\" data-element_type=\"container\">\n\t\t\t\t<div class=\"elementor-element elementor-element-39fabe0 elementor-widget elementor-widget-heading\" data-id=\"39fabe0\" data-element_type=\"widget\" data-widget_type=\"heading.default\">\n\t\t\t\t<div class=\"elementor-widget-container\">\n\t\t\t\t\t<h3 class=\"elementor-heading-title elementor-size-default\">Impacto en empresas, asesor\u00edas y software de facturaci\u00f3n<\/h3>\t\t\t\t<\/div>\n\t\t\t\t<\/div>\n\t\t\t\t<\/div>\n\t\t\t\t<\/div>\n\t\t\t\t<\/div>\n\t\t\t\t\t<\/div>\n\t\t\t\t<\/div>\n\t\t<div class=\"elementor-element elementor-element-5588cfa e-flex e-con-boxed e-con e-parent\" data-id=\"5588cfa\" data-element_type=\"container\">\n\t\t\t\t\t<div class=\"e-con-inner\">\n\t\t<div class=\"elementor-element elementor-element-873170d e-con-full e-flex elementor-invisible e-con e-child\" data-id=\"873170d\" data-element_type=\"container\" data-settings=\"{&quot;animation&quot;:&quot;fadeIn&quot;,&quot;animation_delay&quot;:200}\">\n\t\t<div class=\"elementor-element elementor-element-a45cc0e e-con-full e-flex e-con e-child\" data-id=\"a45cc0e\" data-element_type=\"container\">\n\t\t<div class=\"elementor-element elementor-element-c97c67d e-con-full e-flex e-con e-child\" data-id=\"c97c67d\" data-element_type=\"container\">\n\t\t\t\t<div class=\"elementor-element elementor-element-eee2ab0 elementor-widget elementor-widget-text-editor\" data-id=\"eee2ab0\" data-element_type=\"widget\" data-widget_type=\"text-editor.default\">\n\t\t\t\t<div class=\"elementor-widget-container\">\n\t\t\t\t\t\t\t\t\t<h4 align=\"left\"><em>Empresas y aut\u00f3nomos<\/em><\/h4><p align=\"left\">Este aplazamiento permitir\u00e1 revisar procesos internos sin presi\u00f3n y elegir soluciones tecnol\u00f3gicas con m\u00e1s criterio. Tambi\u00e9n da margen para:<br \/>\u2022 Actualizar equipos.<br \/>\u2022 Automatizar la facturaci\u00f3n.<br \/>\u2022 Mejorar la gesti\u00f3n documental y contable.<br \/>\u2022 Integrar Verifactu con ERP o CRMs existentes.<\/p><h4 align=\"left\"><span id=\"Asesorias_y_gestorias\" class=\"ez-toc-section\"><\/span><em>Asesor\u00edas y gestor\u00edas<\/em><\/h4><p align=\"left\">Para los despachos profesionales, el aplazamiento es especialmente relevante, podr\u00e1n:<\/p><p align=\"left\">\u2022 Planificar la migraci\u00f3n de sus clientes<br \/>\u2022 Unificar criterios y est\u00e1ndares<br \/>\u2022 Evitar adoptar soluciones precipitadas<br \/>\u2022 Ofrecer servicios de consultor\u00eda y formaci\u00f3n.<\/p><h4 align=\"left\"><span id=\"Proveedores_tecnologicos_gestorias\" class=\"ez-toc-section\"><\/span><em>Proveedores tecnol\u00f3gicos gestor\u00edas:<\/em><\/h4><p>El retraso permitir\u00e1 mejorar, probar y homologar software con m\u00e1s seguridad jur\u00eddica.<\/p>\t\t\t\t\t\t\t\t<\/div>\n\t\t\t\t<\/div>\n\t\t\t\t<\/div>\n\t\t\t\t<\/div>\n\t\t\t\t<\/div>\n\t\t\t\t\t<\/div>\n\t\t\t\t<\/div>\n\t\t<div class=\"elementor-element elementor-element-d0294f2 e-flex e-con-boxed e-con e-parent\" data-id=\"d0294f2\" data-element_type=\"container\">\n\t\t\t\t\t<div class=\"e-con-inner\">\n\t\t<div class=\"elementor-element elementor-element-5d01ca2 e-con-full e-flex elementor-invisible e-con e-child\" data-id=\"5d01ca2\" data-element_type=\"container\" data-settings=\"{&quot;animation&quot;:&quot;fadeIn&quot;,&quot;animation_delay&quot;:200}\">\n\t\t<div class=\"elementor-element elementor-element-6f0743c e-con-full e-flex e-con e-child\" data-id=\"6f0743c\" data-element_type=\"container\">\n\t\t<div class=\"elementor-element elementor-element-0b5ac27 e-con-full e-flex e-con e-child\" data-id=\"0b5ac27\" data-element_type=\"container\">\n\t\t\t\t<div class=\"elementor-element elementor-element-b2cd9fa elementor-widget elementor-widget-heading\" data-id=\"b2cd9fa\" data-element_type=\"widget\" data-widget_type=\"heading.default\">\n\t\t\t\t<div class=\"elementor-widget-container\">\n\t\t\t\t\t<h3 class=\"elementor-heading-title elementor-size-default\">Formaci\u00f3n: la clave para llegar preparados<\/h3>\t\t\t\t<\/div>\n\t\t\t\t<\/div>\n\t\t\t\t<\/div>\n\t\t\t\t<\/div>\n\t\t\t\t<\/div>\n\t\t\t\t\t<\/div>\n\t\t\t\t<\/div>\n\t\t<div class=\"elementor-element elementor-element-b40ef72 e-flex e-con-boxed e-con e-parent\" data-id=\"b40ef72\" data-element_type=\"container\">\n\t\t\t\t\t<div class=\"e-con-inner\">\n\t\t<div class=\"elementor-element elementor-element-c2c11fc e-con-full e-flex elementor-invisible e-con e-child\" data-id=\"c2c11fc\" data-element_type=\"container\" data-settings=\"{&quot;animation&quot;:&quot;fadeIn&quot;,&quot;animation_delay&quot;:200}\">\n\t\t<div class=\"elementor-element elementor-element-3dfc5e9 e-con-full e-flex e-con e-child\" data-id=\"3dfc5e9\" data-element_type=\"container\">\n\t\t<div class=\"elementor-element elementor-element-3d51c1d e-con-full e-flex e-con e-child\" data-id=\"3d51c1d\" data-element_type=\"container\">\n\t\t\t\t<div class=\"elementor-element elementor-element-91f808c elementor-widget elementor-widget-text-editor\" data-id=\"91f808c\" data-element_type=\"widget\" data-widget_type=\"text-editor.default\">\n\t\t\t\t<div class=\"elementor-widget-container\">\n\t\t\t\t\t\t\t\t\t<h4 class=\"western\" align=\"left\"><em>Empresas y aut\u00f3nomos<\/em><\/h4><p class=\"western\" align=\"left\">En <strong>ABIRE<\/strong>\u00a0consideramos que esta pr\u00f3rroga abre una oportunidad clara: abordar la transici\u00f3n a Verifactu con conocimiento, criterio y sin improvisaciones.<\/p><p align=\"left\">En las pr\u00f3ximas semanas, presentaremos un\u00a0<b>curso especializado en Verifactu<\/b>, con contenidos orientados a asesor\u00edas y gestor\u00edas, departamentos administrativos, pymes y aut\u00f3nomos, responsables de facturaci\u00f3n y ERP.<\/p><p align=\"left\">El objetivo ser\u00e1 ofrecer una visi\u00f3n completa: obligaciones, requisitos t\u00e9cnicos, implicaciones jur\u00eddicas, procesos internos, buenas pr\u00e1cticas y planificaci\u00f3n de la implantaci\u00f3n.<\/p>\t\t\t\t\t\t\t\t<\/div>\n\t\t\t\t<\/div>\n\t\t\t\t<\/div>\n\t\t\t\t<\/div>\n\t\t\t\t<\/div>\n\t\t\t\t\t<\/div>\n\t\t\t\t<\/div>\n\t\t<div class=\"elementor-element elementor-element-8874248 e-flex e-con-boxed e-con e-parent\" data-id=\"8874248\" data-element_type=\"container\">\n\t\t\t\t\t<div class=\"e-con-inner\">\n\t\t<div class=\"elementor-element elementor-element-31c64bc e-con-full e-flex elementor-invisible e-con e-child\" data-id=\"31c64bc\" data-element_type=\"container\" data-settings=\"{&quot;animation&quot;:&quot;fadeIn&quot;,&quot;animation_delay&quot;:200}\">\n\t\t<div class=\"elementor-element elementor-element-96c0d05 e-con-full e-flex e-con e-child\" data-id=\"96c0d05\" data-element_type=\"container\">\n\t\t<div class=\"elementor-element elementor-element-688cd99 e-con-full e-flex e-con e-child\" data-id=\"688cd99\" data-element_type=\"container\">\n\t\t\t\t<div class=\"elementor-element elementor-element-90efa0d elementor-widget elementor-widget-heading\" data-id=\"90efa0d\" data-element_type=\"widget\" data-widget_type=\"heading.default\">\n\t\t\t\t<div class=\"elementor-widget-container\">\n\t\t\t\t\t<h3 class=\"elementor-heading-title elementor-size-default\">Conclusi\u00f3n<\/h3>\t\t\t\t<\/div>\n\t\t\t\t<\/div>\n\t\t\t\t<\/div>\n\t\t\t\t<\/div>\n\t\t\t\t<\/div>\n\t\t\t\t\t<\/div>\n\t\t\t\t<\/div>\n\t\t<div class=\"elementor-element elementor-element-019113e e-flex e-con-boxed e-con e-parent\" data-id=\"019113e\" data-element_type=\"container\">\n\t\t\t\t\t<div class=\"e-con-inner\">\n\t\t<div class=\"elementor-element elementor-element-76ec6e2 e-con-full e-flex elementor-invisible e-con e-child\" data-id=\"76ec6e2\" data-element_type=\"container\" data-settings=\"{&quot;animation&quot;:&quot;fadeIn&quot;,&quot;animation_delay&quot;:200}\">\n\t\t<div class=\"elementor-element elementor-element-698cd63 e-con-full e-flex e-con e-child\" data-id=\"698cd63\" data-element_type=\"container\">\n\t\t<div class=\"elementor-element elementor-element-b7607d5 e-con-full e-flex e-con e-child\" data-id=\"b7607d5\" data-element_type=\"container\">\n\t\t\t\t<div class=\"elementor-element elementor-element-841f1cb elementor-widget elementor-widget-text-editor\" data-id=\"841f1cb\" data-element_type=\"widget\" data-widget_type=\"text-editor.default\">\n\t\t\t\t<div class=\"elementor-widget-container\">\n\t\t\t\t\t\t\t\t\t<p align=\"left\">El aplazamiento del Verifactu no es un simple cambio de fechas: es una oportunidad para preparar la transici\u00f3n con orden, eficiencia y formaci\u00f3n especializada.<\/p><p align=\"left\">Desde\u00a0<b>ABIRE\u00a0<\/b>animamos a todas las empresas y asesor\u00edas a aprovechar este periodo transitorio para organizar la implementaci\u00f3n con tiempo y, sobre todo, para\u00a0<b>formarse adecuadamente<\/b>\u00a0en un sistema que transformar\u00e1 la gesti\u00f3n de la facturaci\u00f3n en Espa\u00f1a.<\/p><h4 class=\"western\" align=\"left\"><span id=\"Referencias_Normativas\" class=\"ez-toc-section\"><\/span><em>Referencias Normativas<\/em><\/h4><ul><li><u><a href=\"https:\/\/www.boe.es\/buscar\/act.php?id=BOE-A-2023-24840\">Real Decreto 1007\/2023, de 5 de diciembre,<\/a><\/u>\u00a0por el que se regulan los requisitos de los sistemas inform\u00e1ticos de facturaci\u00f3n.<\/li><li><u><a href=\"https:\/\/www.boe.es\/buscar\/doc.php?id=BOE-A-2021-11473\">Ley 11\/2021, de 9 de julio<\/a><\/u>, de medidas de prevenci\u00f3n y lucha contra el fraude fiscal.<\/li><li><u><a href=\"https:\/\/boe.es\/boe\/dias\/2025\/12\/03\/pdfs\/BOE-A-2025-24446.pdf\">Real Decreto-ley aprobado en 2025<\/a><\/u>\u00a0que aplaza la entrada en vigor de Verifactu (publicado en el BOE).<\/li><li><u><a href=\"https:\/\/sede.agenciatributaria.gob.es\/Sede\/todas-noticias\/2025\/diciembre\/3\/ampliacion-plazo-adaptacion-sistemas-informaticos-facturacion.html\">Agencia Estatal de Administraci\u00f3n Tributaria (AEAT)<\/a><\/u>.<\/li><\/ul>\t\t\t\t\t\t\t\t<\/div>\n\t\t\t\t<\/div>\n\t\t\t\t<\/div>\n\t\t\t\t<\/div>\n\t\t\t\t<\/div>\n\t\t\t\t\t<\/div>\n\t\t\t\t<\/div>\n\t\t\t\t<\/div>\n\t\t","protected":false},"excerpt":{"rendered":"<p>Aplazamiento de la entrada en vigor de Verifactu: m\u00e1s tiempo para adaptarse (y formarse) Se ha publicado un nuevo\u00a0Real Decreto ley 15\/2025, 2 de diciembre, que modifica de manera sustancial el calendario previsto para la entrada en vigor del\u00a0Reglamento de Requisitos de los Sistemas de Facturaci\u00f3n, conocido como\u00a0Reglamento Verifactu\u00a0(Real Decreto 1007\/2023).La medida consiste en\u00a0ampliar un [&hellip;]<\/p>\n","protected":false},"author":1,"featured_media":0,"comment_status":"open","ping_status":"open","sticky":false,"template":"","format":"standard","meta":{"footnotes":""},"categories":[1],"tags":[],"class_list":["post-3948","post","type-post","status-publish","format-standard","hentry","category-sin-categoria"],"_links":{"self":[{"href":"https:\/\/abire.es\/nuevaweb\/wp-json\/wp\/v2\/posts\/3948","targetHints":{"allow":["GET"]}}],"collection":[{"href":"https:\/\/abire.es\/nuevaweb\/wp-json\/wp\/v2\/posts"}],"about":[{"href":"https:\/\/abire.es\/nuevaweb\/wp-json\/wp\/v2\/types\/post"}],"author":[{"embeddable":true,"href":"https:\/\/abire.es\/nuevaweb\/wp-json\/wp\/v2\/users\/1"}],"replies":[{"embeddable":true,"href":"https:\/\/abire.es\/nuevaweb\/wp-json\/wp\/v2\/comments?post=3948"}],"version-history":[{"count":8,"href":"https:\/\/abire.es\/nuevaweb\/wp-json\/wp\/v2\/posts\/3948\/revisions"}],"predecessor-version":[{"id":3956,"href":"https:\/\/abire.es\/nuevaweb\/wp-json\/wp\/v2\/posts\/3948\/revisions\/3956"}],"wp:attachment":[{"href":"https:\/\/abire.es\/nuevaweb\/wp-json\/wp\/v2\/media?parent=3948"}],"wp:term":[{"taxonomy":"category","embeddable":true,"href":"https:\/\/abire.es\/nuevaweb\/wp-json\/wp\/v2\/categories?post=3948"},{"taxonomy":"post_tag","embeddable":true,"href":"https:\/\/abire.es\/nuevaweb\/wp-json\/wp\/v2\/tags?post=3948"}],"curies":[{"name":"wp","href":"https:\/\/api.w.org\/{rel}","templated":true}]}}